{"id":9449,"date":"2012-05-13T16:30:23","date_gmt":"2012-05-13T14:30:23","guid":{"rendered":"http:\/\/soaplexikon.de\/cms\/?p=9449"},"modified":"2014-04-21T03:13:11","modified_gmt":"2014-04-21T01:13:11","slug":"gute-zeiten-schlechte-zeiten-castwechsel-2","status":"publish","type":"post","link":"https:\/\/soaplexikon.de\/cms\/gute-zeiten-schlechte-zeiten-castwechsel-2\/","title":{"rendered":"Gute Zeiten Schlechte Zeiten: Castwechsel (2)"},"content":{"rendered":"<table border=\"0\">\n<tbody>\n<tr>\n<td><img loading=\"lazy\" decoding=\"async\" class=\"alignnone\" title=\"Gute Zeiten Schlechte Zeiten\" src=\"http:\/\/www.soaplexikon.de\/image\/gzsz_kl.jpg\" alt=\"\" width=\"100\" height=\"100\" \/><\/td>\n<td>Mit dem neuen Jahrtausend kam es erneut zu einem gro\u00dfen Castwechsel:<br \/>\nAndy Lehmann starb, Fabian Moreno ging ins Zeugenschutzprogramm, Philip Kr\u00fcger zog ans andere Ende von Berlin, Nataly J\u00e4ger verlie\u00df mit unbekanntem Ziel die Stadt, Barbara Graf kam ins Gef\u00e4ngnis, Dr. Jan Wittenberg fl\u00fcchtete vor der Polizei, und Franziska Bohlst\u00e4dt ging nach Frankreich &#8211; dabei war sie mit ihren erwachsenen Kindern Chris und Charlotte erst im Herbst 1999 in die Serie gekommen.<\/td>\n<\/tr>\n<\/tbody>\n<\/table>\n<p><!--more-->Charaktere, wie die Sch\u00fcler Sandra Lemke und Moritz Demand und die Studentin Lara Kelm verj\u00fcngten die Serie immer mehr. Neuen Glanz brachten die Prinzessin Xenia di Montalban und die R\u00fcckkehr von Martin Wiebe im Sp\u00e4tsommer 2000.<br \/>\nNach dem Wegfall des Wohnwagens wurde ein Hausboot zur neuen ausgefallenen Kulisse.<\/p>\n<p>2002 kam es erneut zu gro\u00dfen Ver\u00e4nderungen.<br \/>\nKurz vor der 2500. Folge wurden die Rollen Verena Koch und Julia Blum in die Serie zur\u00fcck geholt. Au\u00dferdem kamen der junge Arzt Ben Bachmann, der Ausrei\u00dfer Tim B\u00f6cking, und nach dem Jubil\u00e4um der Caf\u00e9-Betreiber Deniz Erg\u00fcn, der Pilot Johannes Bachmann, die Sch\u00fclerin Paula Rapf neu nach Berlin. Da die meisten Einstiege jedoch erst nach dem Jubil\u00e4um kamen, wirkte der Cast nach den Ausstiegen der Rollen Peter Becker, Sonja Wiebe, Kai Scholl, Martin Wiebe &amp; Flo Spira und Moritz Demand eine Zeit lang sehr d\u00fcnn. Auch der Wegfall des Daniels&#8216; sorgte f\u00fcr ein Loch in der Serie &#8211; pl\u00f6tzlich sa\u00dfen die Jugendlichen im Fasan, um ihre Cola zu trinken. Im Herbst 2002 wurden alle bestehenden Sets von Grund auf ver\u00e4ndert bzw. ersetzt.<\/p>\n<p>Die letzte gro\u00dfe optische Ver\u00e4nderung gab es 2008, als der Fasan aus der Serie verschwand und neben der Neuausrichtung der Charaktere und neue Kulissen kamen. Ver\u00e4nderungen im Cast gab es jedoch kaum: Franzi Reutter starb bei einer Explosion im Fasan; Sandra Erg\u00fcn und Marc Hansen machten sich zu einer Weltumseglung auf.<br \/>\nAnfang 2009 verabschiedeten sich kurz hintereinander Paula Rapf und Tim B\u00f6cking, die nach Kanada gingen und Hendrik Beck, der nach Thailand verschwand.<br \/>\nIm September 2010 verabschiedeten sich nicht nur Carsten Reimann, Lenny C\u00f6ster und seine Schwester Lucy, sondern auch die letzten verbliebenen Urgesteine Elisabeth Meinhart und Clemens Richter. Kurze Zeit sp\u00e4ter verlie\u00df auch Iris C\u00f6ster die Stadt.<\/p>\n","protected":false},"excerpt":{"rendered":"<p>Mit dem neuen Jahrtausend kam es erneut zu einem gro\u00dfen Castwechsel: Andy Lehmann starb, Fabian Moreno ging ins Zeugenschutzprogramm, Philip Kr\u00fcger zog ans andere Ende von Berlin, Nataly J\u00e4ger verlie\u00df mit unbekanntem Ziel die Stadt, Barbara Graf kam ins Gef\u00e4ngnis, Dr. Jan Wittenberg fl\u00fcchtete vor der Polizei, und Franziska Bohlst\u00e4dt ging nach Frankreich &#8211; dabei [&hellip;]<\/p>\n","protected":false},"author":2,"featured_media":0,"comment_status":"open","ping_status":"open","sticky":false,"template":"","format":"standard","meta":{"footnotes":""},"categories":[38],"tags":[],"class_list":["post-9449","post","type-post","status-publish","format-standard","hentry","category-gute-zeiten-schlechte-zeiten"],"_links":{"self":[{"href":"https:\/\/soaplexikon.de\/cms\/wp-json\/wp\/v2\/posts\/9449","targetHints":{"allow":["GET"]}}],"collection":[{"href":"https:\/\/soaplexikon.de\/cms\/wp-json\/wp\/v2\/posts"}],"about":[{"href":"https:\/\/soaplexikon.de\/cms\/wp-json\/wp\/v2\/types\/post"}],"author":[{"embeddable":true,"href":"https:\/\/soaplexikon.de\/cms\/wp-json\/wp\/v2\/users\/2"}],"replies":[{"embeddable":true,"href":"https:\/\/soaplexikon.de\/cms\/wp-json\/wp\/v2\/comments?post=9449"}],"version-history":[{"count":15,"href":"https:\/\/soaplexikon.de\/cms\/wp-json\/wp\/v2\/posts\/9449\/revisions"}],"predecessor-version":[{"id":21197,"href":"https:\/\/soaplexikon.de\/cms\/wp-json\/wp\/v2\/posts\/9449\/revisions\/21197"}],"wp:attachment":[{"href":"https:\/\/soaplexikon.de\/cms\/wp-json\/wp\/v2\/media?parent=9449"}],"wp:term":[{"taxonomy":"category","embeddable":true,"href":"https:\/\/soaplexikon.de\/cms\/wp-json\/wp\/v2\/categories?post=9449"},{"taxonomy":"post_tag","embeddable":true,"href":"https:\/\/soaplexikon.de\/cms\/wp-json\/wp\/v2\/tags?post=9449"}],"curies":[{"name":"wp","href":"https:\/\/api.w.org\/{rel}","templated":true}]}}