{"id":8890,"date":"2012-05-02T15:30:09","date_gmt":"2012-05-02T13:30:09","guid":{"rendered":"http:\/\/soaplexikon.de\/cms\/?p=8890"},"modified":"2015-08-23T10:54:52","modified_gmt":"2015-08-23T08:54:52","slug":"wege-zum-gluck-luisa","status":"publish","type":"post","link":"https:\/\/soaplexikon.de\/cms\/wege-zum-gluck-luisa\/","title":{"rendered":"Wege zum Gl\u00fcck: Luisa"},"content":{"rendered":"<table border=\"0\">\n<tbody>\n<tr>\n<td><img loading=\"lazy\" decoding=\"async\" class=\"alignnone\" title=\"Wege zum Gl\u00fcck\" src=\"http:\/\/www.soaplexikon.de\/image\/wzg_kl.jpg\" alt=\"\" width=\"100\" height=\"100\" \/><\/td>\n<td>Ab dem 27. November 2007 lief die dritte Staffel &#8222;Wege zum Gl\u00fcck&#8220; ab 16:15 Uhr im ZDF. Die 203 Folgen erz\u00e4hlten die Liebesgeschichte von &#8222;Luisa &amp; Simon&#8220; (Susanne Berckhemer &amp; David Kramer).<\/td>\n<\/tr>\n<\/tbody>\n<\/table>\n<p><!--more--><\/p>\n<p>Die Handlung:<br \/>\nLuisa &amp; Nora Maywald kommen auf der Suche nach Noras leiblicher Mutter nach Falkental. Schnell finden sie heraus, dass Annabelle &amp; Richard Noras leibliche Eltern sind. Luisa beginnt im Gutshaus zu arbeiten und verliebt sich auf den ersten Blick in Simon, der sich zun\u00e4chst nur in ihre Augen verliebt. Auch Nora hat gro\u00dfes Interesse an dem Designer und behauptet, es seien ihre Augen gewesen, doch bereits bei der Hochzeit von Nina &amp; Ben merkt Simon, dass etwas nicht stimmt und sucht nach der wahren Frau. Als er Luisa im letzten Moment daran hindern kann, die Stadt zu verlassen, droht ein innerer Konflikt: Luisa wei\u00df nicht, ob sie auf ihr Herz oder ihr schlechtes Gewissen ihrer Schwester gegen\u00fcber h\u00f6ren soll. Diese nutzt Luisa fortan schamlos aus und l\u00e4sst nichts unversucht, um ihre Kontrahentin loszuwerden. Zu sp\u00e4t merkt auch Nora, dass dies der falsche Weg war und ebnet so auch Luisa &amp; Simon das Happy End mit Hochzeit.<\/p>\n<p style=\"text-align: center;\"><img loading=\"lazy\" decoding=\"async\" class=\"passion.de\" title=\"Wege zum Gl\u00fcck\" src=\"http:\/\/www.soaplexikon.de\/image\/luisa_3-4.jpg\" alt=\"\" width=\"287\" height=\"432\" \/><\/p>\n<p style=\"text-align: center;\">\u00a9 ZDF \/ Barbara Volkmer<\/p>\n<p>Fakten:<br \/>\nUm Folge 440 herum wechselten die Headwriter, was auch eine Ver\u00e4nderung in der Erz\u00e4hlung mit sich brachte.<br \/>\nDie dritte Staffel sollte urspr\u00fcnglich 240 Folgen umfassen. Da die Reichweiten nicht mehr so gut waren, sollte &#8222;Wege zum Gl\u00fcck&#8220; mit Folge 740 enden, doch die Hauptdarstellerin Susanne Berckhemer wurde schwanger und das Staffelende musste einige Wochen vorgezogen werden. Beim Hochzeitsdreh musste aufgepasst werden, dass ihre Schwangerschaft nicht erkennbar war. Da die Nachfolgetelenovela &#8222;Alisa &#8211; Folge deinem Herzen&#8220; allerdings nicht verfr\u00fcht starten konnte, wurde kurzfristig eine sehr kurze vierte Staffel nachgeschoben.<\/p>\n<p>Cast (Folge 501 bis 703):<\/p>\n<div class=\"post-table\">\n<table border=\"0\">\n<tbody>\n<tr>\n<td>DARSTELLER<\/td>\n<td>ROLLE<\/td>\n<td>EINSTIEG<\/td>\n<td>AUSSTIEG<\/td>\n<\/tr>\n<tr>\n<td>Susanne Berckhemer<\/td>\n<td>Luisa Becker<\/td>\n<td>469<br \/>\n789<\/td>\n<td>703<br \/>\n789<\/td>\n<\/tr>\n<tr>\n<td>David Kramer<\/td>\n<td>Simon Becker<\/td>\n<td>474<br \/>\n789<\/td>\n<td>703<br \/>\n789<\/td>\n<\/tr>\n<tr>\n<td>Isa Jank<\/td>\n<td>Annabelle Gravenberg<\/td>\n<td>1<\/td>\n<td>734<\/td>\n<\/tr>\n<tr>\n<td>Ralph Schicha<\/td>\n<td>Tobias Becker<\/td>\n<td>1<br \/>\n789<\/td>\n<td>738<br \/>\n789<\/td>\n<\/tr>\n<tr>\n<td>Karin Ugowski<\/td>\n<td>Eva Landmann<\/td>\n<td>1<\/td>\n<td>789<\/td>\n<\/tr>\n<tr>\n<td>Peter Zimmermann<\/td>\n<td>Richard van Weyden<\/td>\n<td>232<\/td>\n<td>789<\/td>\n<\/tr>\n<tr>\n<td>Jens Peter N\u00fcnemann<\/td>\n<td>Hagen Ritter<\/td>\n<td>245<\/td>\n<td>633<\/td>\n<\/tr>\n<tr>\n<td>Corinna A. Horn<\/td>\n<td>Elsa Landmann<\/td>\n<td>334<\/td>\n<td>789<\/td>\n<\/tr>\n<tr>\n<td>Silke Matthias<\/td>\n<td>Helena Bernstein<\/td>\n<td>340<\/td>\n<td>612<\/td>\n<\/tr>\n<tr>\n<td>Birte Wentzek<\/td>\n<td>Meike Becker<\/td>\n<td>354<\/td>\n<td>733<\/td>\n<\/tr>\n<tr>\n<td>Lisa Spickschen<\/td>\n<td>Lizzy van Weyden<\/td>\n<td>413<\/td>\n<td>690<\/td>\n<\/tr>\n<tr>\n<td>William Mang<\/td>\n<td>Harald Becker<\/td>\n<td>466<\/td>\n<td>590<\/td>\n<\/tr>\n<tr>\n<td>Heike Schroetter<\/td>\n<td>Marianne Becker<\/td>\n<td>466<br \/>\n789<\/td>\n<td>738<br \/>\n789<\/td>\n<\/tr>\n<tr>\n<td>Anja Boche<\/td>\n<td>Nora Wagner<\/td>\n<td>469<\/td>\n<td>789<\/td>\n<\/tr>\n<tr>\n<td>Markus Frank<\/td>\n<td>Konrad Landmann<\/td>\n<td>471<br \/>\n501<\/td>\n<td>471<br \/>\n789<\/td>\n<\/tr>\n<tr>\n<td>G\u00fcnter Bubbnik<\/td>\n<td>Sebastian Becker<\/td>\n<td>504<\/td>\n<td>733<\/td>\n<\/tr>\n<tr>\n<td>Markus Baumeister<\/td>\n<td>Henning Reichenbach<\/td>\n<td>509<\/td>\n<td>713<\/td>\n<\/tr>\n<tr>\n<td>Katrin Griesser<\/td>\n<td>Sophie Gravenberg<\/td>\n<td>517<\/td>\n<td>789<\/td>\n<\/tr>\n<tr>\n<td>Hans-Jochen R\u00f6hrig<\/td>\n<td>Ludwig Adam<\/td>\n<td>547<\/td>\n<td>789<\/td>\n<\/tr>\n<tr>\n<td>Marvin Jaacks<\/td>\n<td>Theo Landmann #1<\/td>\n<td>637<\/td>\n<td>713<\/td>\n<\/tr>\n<\/tbody>\n<\/table>\n<\/div>\n<p>Neue Charaktere f\u00fcr Staffel 4:<\/p>\n<div class=\"post-table\">\n<table border=\"0\">\n<tbody>\n<tr>\n<td>DARSTELLER<\/td>\n<td>ROLLE<\/td>\n<td>EINSTIEG<\/td>\n<td>AUSSTIEG<\/td>\n<\/tr>\n<tr>\n<td>Armin Schlagwein<\/td>\n<td>Tom Nowak<\/td>\n<td>693<\/td>\n<td>789<\/td>\n<\/tr>\n<tr>\n<td>Kaja Schmidt-Tychsen<\/td>\n<td>Constanze Becker<\/td>\n<td>702<\/td>\n<td>789<\/td>\n<\/tr>\n<\/tbody>\n<\/table>\n<\/div>\n","protected":false},"excerpt":{"rendered":"<p>Ab dem 27. November 2007 lief die dritte Staffel &#8222;Wege zum Gl\u00fcck&#8220; ab 16:15 Uhr im ZDF. Die 203 Folgen erz\u00e4hlten die Liebesgeschichte von &#8222;Luisa &amp; Simon&#8220; (Susanne Berckhemer &amp; David Kramer).<\/p>\n","protected":false},"author":2,"featured_media":0,"comment_status":"open","ping_status":"open","sticky":false,"template":"","format":"standard","meta":{"footnotes":""},"categories":[34],"tags":[696,712,1031,892,759],"class_list":["post-8890","post","type-post","status-publish","format-standard","hentry","category-wege-zum-gluck","tag-birte-wentzek","tag-guenter-bubbnik","tag-karin-ugowski","tag-peter-zimmermann","tag-ralph-schicha"],"_links":{"self":[{"href":"https:\/\/soaplexikon.de\/cms\/wp-json\/wp\/v2\/posts\/8890","targetHints":{"allow":["GET"]}}],"collection":[{"href":"https:\/\/soaplexikon.de\/cms\/wp-json\/wp\/v2\/posts"}],"about":[{"href":"https:\/\/soaplexikon.de\/cms\/wp-json\/wp\/v2\/types\/post"}],"author":[{"embeddable":true,"href":"https:\/\/soaplexikon.de\/cms\/wp-json\/wp\/v2\/users\/2"}],"replies":[{"embeddable":true,"href":"https:\/\/soaplexikon.de\/cms\/wp-json\/wp\/v2\/comments?post=8890"}],"version-history":[{"count":24,"href":"https:\/\/soaplexikon.de\/cms\/wp-json\/wp\/v2\/posts\/8890\/revisions"}],"predecessor-version":[{"id":9088,"href":"https:\/\/soaplexikon.de\/cms\/wp-json\/wp\/v2\/posts\/8890\/revisions\/9088"}],"wp:attachment":[{"href":"https:\/\/soaplexikon.de\/cms\/wp-json\/wp\/v2\/media?parent=8890"}],"wp:term":[{"taxonomy":"category","embeddable":true,"href":"https:\/\/soaplexikon.de\/cms\/wp-json\/wp\/v2\/categories?post=8890"},{"taxonomy":"post_tag","embeddable":true,"href":"https:\/\/soaplexikon.de\/cms\/wp-json\/wp\/v2\/tags?post=8890"}],"curies":[{"name":"wp","href":"https:\/\/api.w.org\/{rel}","templated":true}]}}