{"id":8888,"date":"2012-05-01T15:30:05","date_gmt":"2012-05-01T13:30:05","guid":{"rendered":"http:\/\/soaplexikon.de\/cms\/?p=8888"},"modified":"2015-08-23T10:54:53","modified_gmt":"2015-08-23T08:54:53","slug":"wege-zum-gluck-nina","status":"publish","type":"post","link":"https:\/\/soaplexikon.de\/cms\/wege-zum-gluck-nina\/","title":{"rendered":"Wege zum Gl\u00fcck: Nina"},"content":{"rendered":"<table border=\"0\">\n<tbody>\n<tr>\n<td><img loading=\"lazy\" decoding=\"async\" class=\"alignnone\" title=\"Wege zum Gl\u00fcck\" src=\"http:\/\/www.soaplexikon.de\/image\/wzg_kl.jpg\" alt=\"\" width=\"100\" height=\"100\" \/><\/td>\n<td>Nach dem Weggang von &#8222;Julia &amp; Daniel&#8220; (Susanne G\u00e4rtner &amp; Roman Rossa) blieb &#8222;Wege zum Gl\u00fcck&#8220; als feste Marke im ZDF-Nachmittagsprogramm. Die 250 Folgen, in denen &#8222;Nina &amp; Ben&#8220; (Gisa Zach &amp; Hubertus Grimm) im Zentrum standen, wurden ab dem 3. November 2006 ab 16:15 Uhr im ZDF ausgestrahlt.<\/td>\n<\/tr>\n<\/tbody>\n<\/table>\n<p><!--more--><\/p>\n<p>Die Handlung:<br \/>\nNina Bergmann und ihre Tochter Paula kommen \u00fcberraschend Birgit in Falkental besuchen, wollen jedoch zun\u00e4chst nicht den wahren Grund ihrer Anreise sagen. Nina hat ihre Tochter Paula entf\u00fchrt, nachdem sie ihrem Schwiegervater Richard van Weyden das vor\u00fcbergehende Sorgerecht \u00fcbertragen hatte, um ihren verschwundenen Ehemann Max in S\u00fcdamerika zu suchen. In Falkental wollen die beiden ein neues Leben beginnen, doch Nina muss Paula verstecken, da Richard seine Enkelin zur\u00fcck will. Bei einem Fotoauftrag lernt Nina Ben Petersen kennen, der ihre Kamera ruiniert, weswegen Nina den Auftrag nicht erf\u00fcllen kann. Nach kurzer Zeit tauchen auch die van Weydens in Falkental auf, und das Versteckspiel spitzt sich zu. W\u00e4hrend Julias Hochzeitsfeier versuchen Nina und Paula mit Bens Hilfe zu fliehen, werden jedoch entdeckt und m\u00fcssen ins Gef\u00e4ngnis. Ninas gr\u00f6\u00dfter Wunsch ist es, mit ihrem Schwiegervater und ihrer Tochter\u00a0in Frieden\u00a0leben zu k\u00f6nnen, doch Richard gibt Nina die Schuld an Max&#8216; Tod. Als sich die Situation zu normalisieren scheint und Ben Nina einen Heiratsantrag macht, taucht der verschollene Max auf und stellt Ninas Welt auf den Kopf. Max gibt vor, einen unheilbaren Gehirntumor zu haben. Unter diesen Umst\u00e4nden kann sich Nina nicht von ihm scheiden lassen und verl\u00e4sst Ben, der mit Ninas bester Freundin Elsa zusammen kommt und diese auch nach einem einj\u00e4hrigen Zeitsprung heiratet. Als heraus kommt, dass Max keinen Tumor hat, entf\u00fchrt er seine Frau und zwingt sie bei ihm zu bleiben. Ben rettet sie und sie n\u00e4hern sich wieder einander an. Als Elsa von dem One Night Stand erf\u00e4hrt bricht f\u00fcr sie eine Welt zusammen und sie baut einen schweren Unfall mit Ben, der im Koma landet. Die Liebe zu Nina holt ihn ins Leben zur\u00fcck, doch diese kann nicht mit der Schuld leben, dass Elsa ihretwegen erblindet ist und verl\u00e4sst Falkental. Es verschl\u00e4gt sie nach Armenien, wo sie von einem Erdbeben versch\u00fcttet wird. Ben, der hinter Elsas L\u00fcge bez\u00fcglich ihrer Blindheit gekommen ist, beschlie\u00dft Nina mit Hilfe von Richard zu befreien, was ihm auch gelingt. Nach all den H\u00fcrden geben sich die beiden das Ja-Wort und segeln mit Paula in die Karibik.<\/p>\n<p style=\"text-align: center;\"><img loading=\"lazy\" decoding=\"async\" class=\"passion.de\" title=\"Wege zum Gl\u00fcck\" src=\"http:\/\/www.soaplexikon.de\/image\/nina_4-3.jpg\" alt=\"\" width=\"432\" height=\"287\" \/><\/p>\n<p style=\"text-align: center;\">\u00a9 ZDF \/ Daniela Incoronato<\/p>\n<p>Fakten:<br \/>\nBereits nach einem halben Jahr &#8222;Julia &#8211; Wege zum Gl\u00fcck&#8220; k\u00fcndigte das ZDF an, die Telenovela um 250 Folgen zu verl\u00e4ngern. Ab Folge 215 tauchten die neuen Rollen f\u00fcr die zweite Staffel auf. Der Serientitel \u00e4nderte sich erst mit dem Weggang des ersten Protagonistenpaares. Sie waren auch noch im ersten Vorspann der zweiten Staffel vertreten.<br \/>\nUm Folge 440 herum wechselten die Headwriter. F\u00fcr die dritte Staffel standen auch Ver\u00e4nderungen im Cast an. Vor dem Einstieg der neuen Rollen stiegen Rollen der ersten Stunde aus.<\/p>\n<p>Cast (Folge 251 bis 500):<\/p>\n<div class=\"post-table\">\n<table border=\"0\">\n<tbody>\n<tr>\n<td>DARSTELLER<\/td>\n<td>ROLLE<\/td>\n<td>EINSTIEG<\/td>\n<td>AUSSTIEG<\/td>\n<\/tr>\n<tr>\n<td>Gisa Zach<\/td>\n<td>Nina Petersen<\/td>\n<td>215<\/td>\n<td>500<\/td>\n<\/tr>\n<tr>\n<td>Hubertus Grimm<\/td>\n<td>Ben Petersen<\/td>\n<td>239<\/td>\n<td>500<\/td>\n<\/tr>\n<tr>\n<td>Holger C. Gotha<\/td>\n<td>Frederik Gravenberg<\/td>\n<td>1<br \/>\n705<\/td>\n<td>270<br \/>\n789<\/td>\n<\/tr>\n<tr>\n<td>Susanne G\u00e4rtner<\/td>\n<td>Julia Gravenberg<\/td>\n<td>1<br \/>\n734<\/td>\n<td>303<br \/>\n737<\/td>\n<\/tr>\n<tr>\n<td>Roman Rossa<\/td>\n<td>Daniel Gravenberg<\/td>\n<td>1<br \/>\n734<\/td>\n<td>303<br \/>\n737<\/td>\n<\/tr>\n<tr>\n<td>Lucie Muhr<\/td>\n<td>Patrizia Gravenberg<\/td>\n<td>1<br \/>\n735<\/td>\n<td>355<br \/>\n736<\/td>\n<\/tr>\n<tr>\n<td>Kaya Marie M\u00f6ller<\/td>\n<td>Lilly Gerlach<\/td>\n<td>1<\/td>\n<td>412<\/td>\n<\/tr>\n<tr>\n<td>Anton Nouri<\/td>\n<td>Andreas Krill<\/td>\n<td>1<\/td>\n<td>432<\/td>\n<\/tr>\n<tr>\n<td>Angela Sandritter<\/td>\n<td>Silke Mertens<\/td>\n<td>1<\/td>\n<td>462<\/td>\n<\/tr>\n<tr>\n<td>Nicolas Artajo<\/td>\n<td>Kolja Hertel<\/td>\n<td>1<br \/>\n499<\/td>\n<td>477<br \/>\n500<\/td>\n<\/tr>\n<tr>\n<td>Isa Jank<\/td>\n<td>Annabelle Gravenberg<\/td>\n<td>1<\/td>\n<td>734<\/td>\n<\/tr>\n<tr>\n<td>Ralph Schicha<\/td>\n<td>Tobias Becker<\/td>\n<td>1<br \/>\n789<\/td>\n<td>738<br \/>\n789<\/td>\n<\/tr>\n<tr>\n<td>Karin Ugowski<\/td>\n<td>Eva Landmann<\/td>\n<td>1<\/td>\n<td>789<\/td>\n<\/tr>\n<tr>\n<td>Christoph Kornschober<\/td>\n<td>Niko Becker<\/td>\n<td>3<\/td>\n<td>265<\/td>\n<\/tr>\n<tr>\n<td>Stefan Mocker<\/td>\n<td>Jan Sch\u00f6nke<\/td>\n<td>5<\/td>\n<td>279<\/td>\n<\/tr>\n<tr>\n<td>Leander Modersohn<\/td>\n<td>Tim Gerlach<\/td>\n<td>13<\/td>\n<td>412<\/td>\n<\/tr>\n<tr>\n<td>Lina Rabea Mohr<\/td>\n<td>Charlotte Vermont<\/td>\n<td>69<\/td>\n<td>343<\/td>\n<\/tr>\n<tr>\n<td>Mich\u00e8le Marian<\/td>\n<td>Birgit Hertel<\/td>\n<td>113<\/td>\n<td>500<\/td>\n<\/tr>\n<tr>\n<td>Nicole Mercedes M\u00fcller<\/td>\n<td>Paula Bergmann #1<\/td>\n<td>215<\/td>\n<td>500<\/td>\n<\/tr>\n<tr>\n<td>Mareile Bettina Moeller<\/td>\n<td>Viktoria van Weyden<\/td>\n<td>222<\/td>\n<td>493<\/td>\n<\/tr>\n<tr>\n<td>Peter Zimmermann<\/td>\n<td>Richard van Weyden<\/td>\n<td>232<\/td>\n<td>789<\/td>\n<\/tr>\n<tr>\n<td>Jens Peter N\u00fcnemann<\/td>\n<td>Hagen Ritter<\/td>\n<td>245<\/td>\n<td>633<\/td>\n<\/tr>\n<tr>\n<td>Sebastian Edtbauer<\/td>\n<td>Erik Landmann<\/td>\n<td>282<\/td>\n<td>477<\/td>\n<\/tr>\n<tr>\n<td>Bernhard Reininger<\/td>\n<td>Stefan Krill<\/td>\n<td>320<\/td>\n<td>462<\/td>\n<\/tr>\n<tr>\n<td>Corinna A. Horn<\/td>\n<td>Elsa Landmann<\/td>\n<td>334<\/td>\n<td>789<\/td>\n<\/tr>\n<tr>\n<td>Silke Matthias<\/td>\n<td>Helena Bernstein<\/td>\n<td>340<\/td>\n<td>612<\/td>\n<\/tr>\n<tr>\n<td>Jost Pieper<\/td>\n<td>Max van Weyden<\/td>\n<td>341<\/td>\n<td>442<\/td>\n<\/tr>\n<tr>\n<td>Birte Wentzek<\/td>\n<td>Meike Becker<\/td>\n<td>354<\/td>\n<td>733<\/td>\n<\/tr>\n<tr>\n<td>Lisa Spickschen<\/td>\n<td>Lizzy van Weyden<\/td>\n<td>413<\/td>\n<td>690<\/td>\n<\/tr>\n<\/tbody>\n<\/table>\n<\/div>\n<p>Neue Charaktere f\u00fcr Staffel 3:<\/p>\n<div class=\"post-table\">\n<table border=\"0\">\n<tbody>\n<tr>\n<td>DARSTELLER<\/td>\n<td>ROLLE<\/td>\n<td>EINSTIEG<\/td>\n<td>AUSSTIEG<\/td>\n<\/tr>\n<tr>\n<td>William Mang<\/td>\n<td>Harald Becker<\/td>\n<td>466<\/td>\n<td>590<\/td>\n<\/tr>\n<tr>\n<td>Heike Schroetter<\/td>\n<td>Marianne Becker<\/td>\n<td>466<br \/>\n789<\/td>\n<td>738<br \/>\n789<\/td>\n<\/tr>\n<tr>\n<td>Susanne Berckhemer<\/td>\n<td>Luisa Becker<\/td>\n<td>469<br \/>\n789<\/td>\n<td>703<br \/>\n789<\/td>\n<\/tr>\n<tr>\n<td>Anja Boche<\/td>\n<td>Nora Wagner<\/td>\n<td>469<\/td>\n<td>789<\/td>\n<\/tr>\n<tr>\n<td>Markus Frank<\/td>\n<td>Konrad Landmann<\/td>\n<td>471<br \/>\n501<\/td>\n<td>471<br \/>\n789<\/td>\n<\/tr>\n<tr>\n<td>David Kramer<\/td>\n<td>Simon Becker<\/td>\n<td>474<br \/>\n789<\/td>\n<td>703<br \/>\n789<\/td>\n<\/tr>\n<\/tbody>\n<\/table>\n<\/div>\n","protected":false},"excerpt":{"rendered":"<p>Nach dem Weggang von &#8222;Julia &amp; Daniel&#8220; (Susanne G\u00e4rtner &amp; Roman Rossa) blieb &#8222;Wege zum Gl\u00fcck&#8220; als feste Marke im ZDF-Nachmittagsprogramm. Die 250 Folgen, in denen &#8222;Nina &amp; Ben&#8220; (Gisa Zach &amp; Hubertus Grimm) im Zentrum standen, wurden ab dem 3. November 2006 ab 16:15 Uhr im ZDF ausgestrahlt.<\/p>\n","protected":false},"author":2,"featured_media":0,"comment_status":"open","ping_status":"open","sticky":false,"template":"","format":"standard","meta":{"footnotes":""},"categories":[34],"tags":[696,867,1031,892,759],"class_list":["post-8888","post","type-post","status-publish","format-standard","hentry","category-wege-zum-gluck","tag-birte-wentzek","tag-gisa-zach","tag-karin-ugowski","tag-peter-zimmermann","tag-ralph-schicha"],"_links":{"self":[{"href":"https:\/\/soaplexikon.de\/cms\/wp-json\/wp\/v2\/posts\/8888","targetHints":{"allow":["GET"]}}],"collection":[{"href":"https:\/\/soaplexikon.de\/cms\/wp-json\/wp\/v2\/posts"}],"about":[{"href":"https:\/\/soaplexikon.de\/cms\/wp-json\/wp\/v2\/types\/post"}],"author":[{"embeddable":true,"href":"https:\/\/soaplexikon.de\/cms\/wp-json\/wp\/v2\/users\/2"}],"replies":[{"embeddable":true,"href":"https:\/\/soaplexikon.de\/cms\/wp-json\/wp\/v2\/comments?post=8888"}],"version-history":[{"count":31,"href":"https:\/\/soaplexikon.de\/cms\/wp-json\/wp\/v2\/posts\/8888\/revisions"}],"predecessor-version":[{"id":9078,"href":"https:\/\/soaplexikon.de\/cms\/wp-json\/wp\/v2\/posts\/8888\/revisions\/9078"}],"wp:attachment":[{"href":"https:\/\/soaplexikon.de\/cms\/wp-json\/wp\/v2\/media?parent=8888"}],"wp:term":[{"taxonomy":"category","embeddable":true,"href":"https:\/\/soaplexikon.de\/cms\/wp-json\/wp\/v2\/categories?post=8888"},{"taxonomy":"post_tag","embeddable":true,"href":"https:\/\/soaplexikon.de\/cms\/wp-json\/wp\/v2\/tags?post=8888"}],"curies":[{"name":"wp","href":"https:\/\/api.w.org\/{rel}","templated":true}]}}