{"id":6183,"date":"2012-09-18T14:30:15","date_gmt":"2012-09-18T12:30:15","guid":{"rendered":"http:\/\/soaplexikon.de\/cms\/?p=6183"},"modified":"2014-04-21T02:21:58","modified_gmt":"2014-04-21T00:21:58","slug":"ein-fall-fur-die-anrheiner-gastauftritte","status":"publish","type":"post","link":"https:\/\/soaplexikon.de\/cms\/ein-fall-fur-die-anrheiner-gastauftritte\/","title":{"rendered":"Ein Fall f\u00fcr die Anrheiner: Gastauftritte 2012 (UPDATED)"},"content":{"rendered":"<table border=\"0\">\n<tbody>\n<tr>\n<td><img loading=\"lazy\" decoding=\"async\" class=\"alignnone\" title=\"Ein Fall f\u00fcr die Anrheiner\" src=\"http:\/\/www.soaplexikon.de\/image\/effda.jpg\" alt=\"\" width=\"100\" height=\"100\" \/><\/td>\n<td>Seit die einstige Weekly-Soap &#8222;die Anrheiner&#8220; vor einem Jahr zum Schmunzel-Krimi &#8222;Ein Fall f\u00fcr die Anrheiner&#8220; umgewandelt wurde, geben sich Soapgesichter regelrecht die Klinke in die Hand.<\/td>\n<\/tr>\n<\/tbody>\n<\/table>\n<p><!--more--><\/p>\n<table border=\"0\">\n<tbody>\n<tr>\n<td><img loading=\"lazy\" decoding=\"async\" class=\"alignnone\" title=\"Stefan Lutzer (Klaus Zmorek, r)\" src=\"http:\/\/www.soaplexikon.de\/image\/effda_35.jpg\" alt=\"\" width=\"100\" height=\"100\" \/><\/td>\n<td>In Folge 35 &#8222;Katzenjammer&#8220; (18. M\u00e4rz 2012) tritt Klaus Zmorek (Mallorca, Marienhof und Verbotene Liebe) als &#8222;Stefan Lutzer&#8220; auf.<\/td>\n<\/tr>\n<tr>\n<td><img loading=\"lazy\" decoding=\"async\" class=\"alignnone\" title=\"Kathi (Aline Hochscheid)\" src=\"http:\/\/www.soaplexikon.de\/image\/effda_38.jpg\" alt=\"\" width=\"100\" height=\"100\" \/><\/td>\n<td>In Folge 38 &#8222;Udo in love&#8220; (8. April 2012) tritt Aline Hochscheid (Verbotene Liebe) als &#8222;Kathi&#8220; auf.<\/td>\n<\/tr>\n<tr>\n<td><img loading=\"lazy\" decoding=\"async\" class=\"alignnone\" title=\"Marcel (Andr\u00e9 Dietz)\" src=\"http:\/\/www.soaplexikon.de\/image\/effda_39.jpg\" alt=\"\" width=\"100\" height=\"100\" \/><\/td>\n<td>In Folge 39 &#8222;Waschen. Legen. F\u00f6hnen.&#8220; (15. April 2012) tritt Andr\u00e9 Dietz (Unter Uns, Alles was z\u00e4hlt) als Friseur &#8222;Marcel&#8220; auf und spielt an der Seite seiner ehemaligen AWZ-Kollegin Tanja Szewczenko, die als &#8222;Elly&#8220; eine der Hauptrollen in der Krimiserie spielt.<\/td>\n<\/tr>\n<tr>\n<td><img loading=\"lazy\" decoding=\"async\" class=\"alignnone\" title=\"Elisabeth K\u00fcppers (Marie-Agnes Reintgen, r)\" src=\"http:\/\/www.soaplexikon.de\/image\/effda_48.jpg\" alt=\"\" width=\"100\" height=\"100\" \/><\/td>\n<td>In Folge 48 &#8222;Ausgebremst&#8220; (23. September 2012) schl\u00fcpft Marie-Agnes Reintgen wieder in die Rolle der &#8222;Elisabeth K\u00fcppers&#8220;.<\/td>\n<\/tr>\n<tr>\n<td><img loading=\"lazy\" decoding=\"async\" class=\"alignnone\" title=\"Andi Slawinski, Joyce Ilg\" src=\"http:\/\/www.soaplexikon.de\/image\/effda_49.jpg\" alt=\"\" width=\"100\" height=\"100\" \/><\/td>\n<td>In Folge 49 &#8222;Hotelgeschichten&#8220; (30. September 2012) \u00fcbernehmen Joyce Ilg (u.a. Dahoam is Dahoam) und Andi Slawinski (u.a. Verbotene Liebe) Gastrollen.<\/td>\n<\/tr>\n<tr>\n<td><img loading=\"lazy\" decoding=\"async\" class=\"alignnone\" title=\"Janis Rebecca Rattenni, Milos Vukovic\" src=\"http:\/\/www.soaplexikon.de\/image\/effda_50.jpg\" alt=\"\" width=\"100\" height=\"100\" \/><\/td>\n<td>In Folge 50 &#8222;Bekenntnisse&#8220; spielen Janis Rebecca Rattenni (Unter Uns) und Milos Vukovic (Unter Uns) ein Paar.<\/td>\n<\/tr>\n<tr>\n<td><img loading=\"lazy\" decoding=\"async\" class=\"alignnone\" title=\"Oma Gerda (Dorothea Walda, l)\" src=\"http:\/\/www.soaplexikon.de\/image\/effda_52.jpg\" alt=\"\" width=\"100\" height=\"100\" \/><\/td>\n<td>In Folge 52 &#8222;Bodenhaftung&#8220; erh\u00e4lt Tanja Szewczenko Besuch von Dorothea Walda (u.a. Hinter Gittern) als &#8222;Oma Gerda&#8220;.<\/td>\n<\/tr>\n<tr>\n<td><img loading=\"lazy\" decoding=\"async\" class=\"alignnone\" title=\"Nadja (Monika Guthmann, l)\" src=\"http:\/\/www.soaplexikon.de\/image\/effda_58.jpg\" alt=\"\" width=\"100\" height=\"100\" \/><\/td>\n<td>Monika Guthmann (u.a. Hinter Gittern), spielt in folge 58 &#8222;Flora und Fauna&#8220; (2. Dezember 2012) &#8222;Horsts&#8220; (Giovanni Luzi) Flirt &#8222;Nadja&#8220;<\/td>\n<\/tr>\n<\/tbody>\n<\/table>\n<p>Bilder: \u00a9 WDR \/ Melanie Grande<\/p>\n<p>&nbsp;<\/p>\n","protected":false},"excerpt":{"rendered":"<p>Seit die einstige Weekly-Soap &#8222;die Anrheiner&#8220; vor einem Jahr zum Schmunzel-Krimi &#8222;Ein Fall f\u00fcr die Anrheiner&#8220; umgewandelt wurde, geben sich Soapgesichter regelrecht die Klinke in die Hand.<\/p>\n","protected":false},"author":2,"featured_media":0,"comment_status":"open","ping_status":"open","sticky":false,"template":"","format":"standard","meta":{"footnotes":""},"categories":[69],"tags":[],"class_list":["post-6183","post","type-post","status-publish","format-standard","hentry","category-die-anrheiner"],"_links":{"self":[{"href":"https:\/\/soaplexikon.de\/cms\/wp-json\/wp\/v2\/posts\/6183","targetHints":{"allow":["GET"]}}],"collection":[{"href":"https:\/\/soaplexikon.de\/cms\/wp-json\/wp\/v2\/posts"}],"about":[{"href":"https:\/\/soaplexikon.de\/cms\/wp-json\/wp\/v2\/types\/post"}],"author":[{"embeddable":true,"href":"https:\/\/soaplexikon.de\/cms\/wp-json\/wp\/v2\/users\/2"}],"replies":[{"embeddable":true,"href":"https:\/\/soaplexikon.de\/cms\/wp-json\/wp\/v2\/comments?post=6183"}],"version-history":[{"count":30,"href":"https:\/\/soaplexikon.de\/cms\/wp-json\/wp\/v2\/posts\/6183\/revisions"}],"predecessor-version":[{"id":21249,"href":"https:\/\/soaplexikon.de\/cms\/wp-json\/wp\/v2\/posts\/6183\/revisions\/21249"}],"wp:attachment":[{"href":"https:\/\/soaplexikon.de\/cms\/wp-json\/wp\/v2\/media?parent=6183"}],"wp:term":[{"taxonomy":"category","embeddable":true,"href":"https:\/\/soaplexikon.de\/cms\/wp-json\/wp\/v2\/categories?post=6183"},{"taxonomy":"post_tag","embeddable":true,"href":"https:\/\/soaplexikon.de\/cms\/wp-json\/wp\/v2\/tags?post=6183"}],"curies":[{"name":"wp","href":"https:\/\/api.w.org\/{rel}","templated":true}]}}