{"id":43467,"date":"2015-09-14T12:00:23","date_gmt":"2015-09-14T10:00:23","guid":{"rendered":"http:\/\/soaplexikon.de\/cms\/?p=43467"},"modified":"2019-07-06T09:44:54","modified_gmt":"2019-07-06T07:44:54","slug":"interview-mit-nora-koppen","status":"publish","type":"post","link":"https:\/\/soaplexikon.de\/cms\/interview-mit-nora-koppen\/","title":{"rendered":"Interview mit Nora Koppen"},"content":{"rendered":"<table border=\"0\">\n<tbody>\n<tr>\n<td><img loading=\"lazy\" decoding=\"async\" class=\"alignnone\" title=\"Unter Uns\" src=\"http:\/\/www.soaplexikon.de\/image\/uu.jpg\" alt=\"\" width=\"100\" height=\"100\" \/><\/td>\n<td>Neu im Hauptcast von &#8222;Unter uns&#8220;: Die K\u00f6lnerin Nora Koppen spielt ab 18. September (Folge 4938) Sinas Studienkollegin Elli Schneider. F\u00fcr Nora ist es ihre allererste Rolle \u2013 soeben erst hatte sie Geburtstag (geboren am 8.9.1989 in K\u00f6ln) und Ende des letzten Jahres schloss die ihre vierj\u00e4hrige Schauspielausbildung an der Arturo Schauspielschule in K\u00f6ln ab.<\/td>\n<\/tr>\n<\/tbody>\n<\/table>\n<p><!--more-->Zu ihrer Rolle: Elli kommt aus Billerbeck, vom Lande, und hat eine freche Schnauze. Sie sagt, was sie denkt, entschuldigt sich nicht daf\u00fcr und ist so aber auch der absolute Kumpeltyp. Daher dauert es nicht lange, bis sie ein Pl\u00e4tzchen in der Dach WG ergattert und mit Ringo und Paco zusammenzieht. Nat\u00fcrlich kommt es mit den beiden Jungs, die sich nat\u00fcrlich beide f\u00fcr unwiderstehlich halten, immer wieder zu unglaublichen Missverst\u00e4ndnissen. Einen entscheidenden Beitrag zum WG Frieden leistest dabei \u2013 was auch sonst \u2013 Elli mit einer unfreiwilligen Nacktperformance.<\/p>\n<h2>Wie war dein Casting f\u00fcr \u201eUnter uns\u201c?<\/h2>\n<p>Das Casting bei \u201eUnter uns\u201c war mein allererstes \u2013 direkt nach der Schauspielschule. Und ich hatte das Gef\u00fchl, ich hatte es total in den Sand gesetzt. Ich habe n\u00e4mlich die Tendenz, grunds\u00e4tzlich zu schnell zu sprechen und habe meinen Text richtig durchgerattert. Danach dachte ich mir dann, ich h\u00e4tte auch ein bisschen den Gang rausnehmen k\u00f6nnen. Aber ich wurde dann zum Gl\u00fcck trotzdem \u2013 oder gerade deswegen \u2013 zum zweiten Casting eingeladen. So schlecht kann ich ja dann doch nicht gewesen sein. Und dann hab ich gecheckt: Elli soll so sein.<\/p>\n<h2>Hast du beim zweiten Casting deine Konkurrenten kennengelernt?<\/h2>\n<p>Das zweite Casting war in zwei Teilen \u2013 morgens eine Szene mit Milos und abends eine mit Milos und Valea. Ich hatte aber keine Lust, die anderen Bewerberinnen zu sehen, daher bin ich lieber ins M\u00f6belhaus nebenan gegangen. Ich hatte vier Stunden Pause und die k\u00f6nnen verdammt lang sein in einem M\u00f6belhaus. Ich wurde dann m\u00fcde, hab mich auf ein Bett gelegt und bin glaube ich auch kurz eingepennt (lacht). Danach bin ich wieder ins Studio r\u00fcbergegangen und doch mit den beiden M\u00e4dels gesprochen, die beide sehr nett waren.<\/p>\n<h2>Eine deiner ersten Szenen ist gleich eine spektakul\u00e4re Nacktszene \u2013 versteht man sich danach im Team besser?<\/h2>\n<p>An dem Tag hatte ich 14 Bilder, und besagte \u201eNacktszene\u201c war das letzte Bild an diesem Tag. So hatte ich das den ganzen Tag im Kopf. Wir waren dann alle nackt, auch die Kollegen hinter den Kulissen. Wir haben uns gedacht, wir ziehen uns einfach mal alle aus, dann ist es leichter. Kleiner Scherz. Nein, nur ich war nat\u00fcrlich nackt, aber ich hatte mit einem Kleiderst\u00e4nder, einen Skelett und einem H\u00f6schen durchaus Dinge zur Hand, mit denen ich mich \u201ebedecken\u201c konnte, und dann war ich gar nicht mehr sooo nackt. Ich hab das dann professionell durchgezogen und die Szene war, als ich sie dann hinterher sah, auch okay. Jetzt hoffe ich, dass ich demn\u00e4chst ganz viele weitere Nacktszenen bekomme \u2026 (lacht)<\/p>\n<h2>Elli hat immer eine Geschichte aus Billerbeck auf Lager, weil sie aus dieser Kleinstadt in Westfalen kommt. Warst du schon einmal in Billerbeck?<\/h2>\n<p>Ich selbst komme ja aus K\u00f6ln, und Elli kommt nur fiktiv aus Billerbeck. Ich selbst war noch nie da, bin nur einmal auf dem Weg nach Hamburg daran vorbeigefahren und habe ganz viele Ortshinweisschilder gesehen. Eigentlich sind die Geschichten, die Elli aus Billerbeck erz\u00e4hlt, ganz lustig. Mittlerweile verdrehen einige meiner Mitschauspieler aber die Augen, wenn Elli wieder einen Schwank aus ihrer Heimat zum Besten gibt. Die Storys ziehen sich wie ein roter Faden durch ihr Leben.<\/p>\n<h2>Wie bist du zum Beruf der Schauspielerin gekommen?<\/h2>\n<p>Eigentlich wollte ich Synchronsprecherin werden. Ich finde es so s\u00fc\u00df, wie Anke Engelke die Dori in dem Film \u201eFindet Nemo\u201c gesprochen hat. Ich liebe diesen kleinen verr\u00fcckten Fisch. Genau so etwas m\u00f6chte ich auch eines Tages einmal machen. Das war aber tats\u00e4chlich der Grund, warum ich Schauspielerin geworden bin. Vielleicht hat Anke Engelke ja Lust, mich einmal kennenzulernen. Ich lade sie hiermit herzlich zu Kaffee und Kuchen bei mir ein.<\/p>\n<h2>Was verbindest du mit deiner Heimatstadt K\u00f6ln?<\/h2>\n<p>Sehr herzensoffene Menschen, das finde ich ganz auff\u00e4llig. In K\u00f6ln wird man zum Beispiel in einer B\u00e4ckerei freundlich beraten, wenn man etwas l\u00e4nger \u00fcberlegt und sich nicht entscheiden kann, in Hannover hei\u00dft es dann nur \u201eDas ist dein Problem, wof\u00fcr du dich entscheidest\u201c. Au\u00dferdem liebe ich Fahrradfahren. In K\u00f6ln kann ich alles mit dem Rad erreichen und manchmal komme ich auch mit dem Fahrrad zum Dreh.<\/p>\n<h2>Was magst du gar nicht an K\u00f6ln?<\/h2>\n<p>Die \u201esauberen Stra\u00dfen\u201c hier, ich liebe sie. K\u00fcrzlich war ich in Korea, da ist es so sauber, das ist Wahnsinn, ich wei\u00df gar nicht, wie die das schaffen. Karneval mag ich auch seit zwei Jahren nicht mehr. F\u00fcr mich war es immer gute Stimmung, geile Kost\u00fcme, gemeinsam ausgelassen sein und feiern. Wenn man jetzt an Karneval auf die Ringe geht, sind alle betrunken und es gibt einen Wettbewerb, wer das nuttigste Kost\u00fcm hat. Letztes Jahr bin ich sogar in eine Massenschl\u00e4gerei geraten. Das finde ich ein bisschen schade, aber in der S\u00fcdstadt ist Karneval immer noch sch\u00f6n.<\/p>\n","protected":false},"excerpt":{"rendered":"<p>Neu im Hauptcast von &#8222;Unter uns&#8220;: Die K\u00f6lnerin Nora Koppen spielt ab 18. September (Folge 4938) Sinas Studienkollegin Elli Schneider. F\u00fcr Nora ist es ihre allererste Rolle \u2013 soeben erst hatte sie Geburtstag (geboren am 8.9.1989 in K\u00f6ln) und Ende des letzten Jahres schloss die ihre vierj\u00e4hrige Schauspielausbildung an der Arturo Schauspielschule in K\u00f6ln ab.<\/p>\n","protected":false},"author":4,"featured_media":0,"comment_status":"open","ping_status":"open","sticky":false,"template":"","format":"standard","meta":{"footnotes":""},"categories":[71],"tags":[1070,1071,1072,1073],"class_list":["post-43467","post","type-post","status-publish","format-standard","hentry","category-unter-uns","tag-backstage","tag-behind-the-scenes","tag-hinter-den-kulissen","tag-making-of"],"_links":{"self":[{"href":"https:\/\/soaplexikon.de\/cms\/wp-json\/wp\/v2\/posts\/43467","targetHints":{"allow":["GET"]}}],"collection":[{"href":"https:\/\/soaplexikon.de\/cms\/wp-json\/wp\/v2\/posts"}],"about":[{"href":"https:\/\/soaplexikon.de\/cms\/wp-json\/wp\/v2\/types\/post"}],"author":[{"embeddable":true,"href":"https:\/\/soaplexikon.de\/cms\/wp-json\/wp\/v2\/users\/4"}],"replies":[{"embeddable":true,"href":"https:\/\/soaplexikon.de\/cms\/wp-json\/wp\/v2\/comments?post=43467"}],"version-history":[{"count":1,"href":"https:\/\/soaplexikon.de\/cms\/wp-json\/wp\/v2\/posts\/43467\/revisions"}],"predecessor-version":[{"id":43469,"href":"https:\/\/soaplexikon.de\/cms\/wp-json\/wp\/v2\/posts\/43467\/revisions\/43469"}],"wp:attachment":[{"href":"https:\/\/soaplexikon.de\/cms\/wp-json\/wp\/v2\/media?parent=43467"}],"wp:term":[{"taxonomy":"category","embeddable":true,"href":"https:\/\/soaplexikon.de\/cms\/wp-json\/wp\/v2\/categories?post=43467"},{"taxonomy":"post_tag","embeddable":true,"href":"https:\/\/soaplexikon.de\/cms\/wp-json\/wp\/v2\/tags?post=43467"}],"curies":[{"name":"wp","href":"https:\/\/api.w.org\/{rel}","templated":true}]}}