{"id":42885,"date":"2015-08-23T12:00:34","date_gmt":"2015-08-23T10:00:34","guid":{"rendered":"http:\/\/soaplexikon.de\/cms\/?p=42885"},"modified":"2015-08-23T10:24:19","modified_gmt":"2015-08-23T08:24:19","slug":"weissensee-interview-mit-regina-ziegler-marc-mueller-kaldenberg","status":"publish","type":"post","link":"https:\/\/soaplexikon.de\/cms\/weissensee-interview-mit-regina-ziegler-marc-mueller-kaldenberg\/","title":{"rendered":"Weissensee: Interview mit Regina Ziegler &#038; Marc M\u00fcller-Kaldenberg"},"content":{"rendered":"<table border=\"0\">\n<tbody>\n<tr>\n<td><img loading=\"lazy\" decoding=\"async\" class=\"alignnone\" title=\"Weissensee\" src=\"http:\/\/www.soaplexikon.de\/image\/weissensee_kl.jpg\" alt=\"\" width=\"100\" height=\"100\" \/><\/td>\n<td>Vom 29. September bis 1. Oktober 2015 das Das Erste die dritte Staffel &#8222;Weissensee&#8220; jeweils in Doppelfolgen ab 20:15 Uhr aus und wagt sich damit an eine Eventprogrammierung. Im Interview sprechen die Produzenten Regina Ziegler &amp; Marc M\u00fcller-Kaldenberg \u00fcber die sechs neuen Folgen.<\/td>\n<\/tr>\n<\/tbody>\n<\/table>\n<h2><!--more--><br \/>\n\u201eWeissensee\u201c wurde bereits mehrfach ausgezeichnet, was macht diese Serie so erfolgreich?<\/h2>\n<p>Marc M\u00fcller-Kaldenberg: Die Serie behandelt ein zentrales St\u00fcck deutscher Geschichte, das viele Zuschauer noch selbst miterlebt haben. Und die Personen dieser Geschichte haben allesamt eine Fallh\u00f6he die man nicht so leicht mit der puren Fiktion schaffen kann.<\/p>\n<h2>Sehen Sie auch 25 Jahre nach der Wiedervereinigung ein Nachholbed\u00fcrfnis hinsichtlich der Geschichte der DDR?<\/h2>\n<p>Regina Ziegler: Was sind schon 25 Jahre! \u00dcberlegen Sie: Wie weit waren wir 1970 mit unserer Nazi-Vergangenheit? Au\u00dferdem bietet unsere Erz\u00e4hlperspektive \u00fcber unsere \u201eStasi-Familie\u201c Kupfer einen noch nicht erz\u00e4hlten Zugang zur Geschichte. Im \u00dcbrigen ver\u00e4ndert sich der Blick auf diese Zeit auch mit dem wachsenden Abstand. Man entdeckt Neues. Man bewertet neu.<\/p>\n<h2>In den ersten beiden Staffeln von \u201eWeissensee\u201c ging es noch ausschlie\u00dflich um das Leben in der DDR. Die sechs neuen Folgen dagegen beschreiben die Zeit der Grenz\u00f6ffnung und danach. Ein Thema, das vor allem dokumentarisch bereits vielfach aufbereitet wurde \u2013 wie setzten Sie die Akzente in dieser dramatischen Zeit?<\/h2>\n<p>Marc M\u00fcller-Kaldenberg: Die sechs neuen Folgen spielen im Zeitraum 9. November 1989 bis 15. Januar 1990. Wir haben ganz bewusst die Schicksale unserer Protagonisten in den Vordergrund gestellt, nicht die historischen Ereignisse. Nat\u00fcrlich reagieren sie auf den Fall der Mauer sehr unterschiedlich, z. B. engagieren sich Vera Kupfer (Anna Loos) und Dunja Hausmann (Katrin Sass) bei den B\u00fcrgerrechtlern, w\u00e4hrend Falk Kupfer (J\u00f6rg Hartmann) seine unsauberen Stasi-Gesch\u00e4fte Vertuschen will. Martin Kupfer (Florian Lukas) lernt die Journalistin Katja Wiese (Lisa Wagner) kennen und sucht weiterhin nach seiner Tochter. Hans Kupfer (Uwe Kockisch) und Marlene (Ruth Reinecke) versuchen Halt zu finden in den revolution\u00e4ren Zeiten. Mehr soll nicht verraten werden.<\/p>\n<h2>Auch in der 3. Staffel von \u201eWeissensee\u201c f\u00fchrt Friedemann Fromm Regie. Er schrieb neben Annette Hess auch die Drehb\u00fccher. Was zeichnet Annette Hess und Friedemann Fromm als Spezialisten f\u00fcr zeitgen\u00f6ssische Geschichte aus?<\/h2>\n<p>Regina Ziegler: Sie schauen genau hin. Sie recherchieren. Sie interessieren sich f\u00fcr die Figuren und ihr Schicksal. Das sind allerdings Tugenden, die Autorinnen und Regisseure immer haben sollten, egal, ob es sich um Geschichten von heute oder um das Schicksal eines Kreuzfahrers handelt. Annette Hess und Friedemann Fromm beherrschen einfach ihr Handwerk und trauen sich, existenzielles Drama und humoristische Momente bei \u201eWeissensee\u201c zusammen zu bringen. Im \u00dcbrigen: Vergessen Sie nicht die Schauspieler. Jede Rolle ist in meinen Augen optimal besetzt.<\/p>\n","protected":false},"excerpt":{"rendered":"<p>Vom 29. September bis 1. Oktober 2015 das Das Erste die dritte Staffel &#8222;Weissensee&#8220; jeweils in Doppelfolgen ab 20:15 Uhr aus und wagt sich damit an eine Eventprogrammierung. Im Interview sprechen die Produzenten Regina Ziegler &amp; Marc M\u00fcller-Kaldenberg \u00fcber die sechs neuen Folgen.<\/p>\n","protected":false},"author":4,"featured_media":0,"comment_status":"open","ping_status":"open","sticky":false,"template":"","format":"standard","meta":{"footnotes":""},"categories":[83],"tags":[],"class_list":["post-42885","post","type-post","status-publish","format-standard","hentry","category-weissensee"],"_links":{"self":[{"href":"https:\/\/soaplexikon.de\/cms\/wp-json\/wp\/v2\/posts\/42885","targetHints":{"allow":["GET"]}}],"collection":[{"href":"https:\/\/soaplexikon.de\/cms\/wp-json\/wp\/v2\/posts"}],"about":[{"href":"https:\/\/soaplexikon.de\/cms\/wp-json\/wp\/v2\/types\/post"}],"author":[{"embeddable":true,"href":"https:\/\/soaplexikon.de\/cms\/wp-json\/wp\/v2\/users\/4"}],"replies":[{"embeddable":true,"href":"https:\/\/soaplexikon.de\/cms\/wp-json\/wp\/v2\/comments?post=42885"}],"version-history":[{"count":1,"href":"https:\/\/soaplexikon.de\/cms\/wp-json\/wp\/v2\/posts\/42885\/revisions"}],"predecessor-version":[{"id":42887,"href":"https:\/\/soaplexikon.de\/cms\/wp-json\/wp\/v2\/posts\/42885\/revisions\/42887"}],"wp:attachment":[{"href":"https:\/\/soaplexikon.de\/cms\/wp-json\/wp\/v2\/media?parent=42885"}],"wp:term":[{"taxonomy":"category","embeddable":true,"href":"https:\/\/soaplexikon.de\/cms\/wp-json\/wp\/v2\/categories?post=42885"},{"taxonomy":"post_tag","embeddable":true,"href":"https:\/\/soaplexikon.de\/cms\/wp-json\/wp\/v2\/tags?post=42885"}],"curies":[{"name":"wp","href":"https:\/\/api.w.org\/{rel}","templated":true}]}}