{"id":42771,"date":"2015-07-14T12:00:40","date_gmt":"2015-07-14T10:00:40","guid":{"rendered":"http:\/\/soaplexikon.de\/cms\/?p=42771"},"modified":"2015-07-23T22:05:42","modified_gmt":"2015-07-23T20:05:42","slug":"interview-mit-ines-kurenbach-stefan-bockelmann","status":"publish","type":"post","link":"https:\/\/soaplexikon.de\/cms\/interview-mit-ines-kurenbach-stefan-bockelmann\/","title":{"rendered":"Interview mit Ines Kurenbach &#038; Stefan Bockelmann"},"content":{"rendered":"<table border=\"0\">\n<tbody>\n<tr>\n<td><img loading=\"lazy\" decoding=\"async\" class=\"alignnone\" title=\"Unter Uns\" src=\"http:\/\/www.soaplexikon.de\/image\/uu.jpg\" alt=\"\" width=\"100\" height=\"100\" \/><\/td>\n<td>Am Aschermittwoch ist alles vorbei \u2013 s\u00e4mtliche Karnevalsaktivit\u00e4ten pausieren dann bis zum 11.11. \u2013 nicht so bei &#8222;Unter uns&#8220;. Bedingt durch den Produktionsvorlauf von mehreren Monaten wurde der Tag f\u00fcr die Dreharbeiten mal eben um ganze vier Monate (!) vorgezogen.<\/td>\n<\/tr>\n<\/tbody>\n<\/table>\n<h2><!--more-->Stefan, wie kommt bei dir bei der Sommerhitze 11.11.-Feeling auf?<\/h2>\n<p>Stefan Bockelmann: Ich bin einer der wenigen Schauspieler im Hauptcast, der sich wirklich auf diesen Dreh freut. Es gibt hunderte Komparsen, alles ist sehr aufwendig und dauert immer sehr lange. Aber das macht mir nichts aus. Letztes Jahr am 11.11. hatten wir Brings zu Gast, die die absoluten Karnevalsschlager gespielt haben. Wenn es nach mir ginge, k\u00f6nnte das ganze Jahr lang Karneval sein. Getreu dem Motto: Ist Karneval vorbei, f\u00e4ngt er f\u00fcr mich gleich wieder an.<\/p>\n<h2>Warum?<\/h2>\n<p>Ines Kurenbach: Weil Stefan privat ein absoluter Karnevalsfan ist.<br \/>\nStefan: Stefan: Ich bin in Traben Trarbach mit Karneval aufgewachsen. Das hat sich jetzt durch den Umzug nach K\u00f6ln und die Dreharbeiten etwas reduziert, und deswegen finde ich es toll, dass im Sommer schon Karneval gedreht wird.<br \/>\nInes: Er k\u00f6nnte eigentlich jeden Tag Karneval drehen. Ich bin das Gegenteil, f\u00fcr mich ist das gar nichts.<\/p>\n<h2>Am 11.11. ist die Ausstrahlung: Wie wird &#8222;Unter uns&#8220; dieses Jahr feiern?<\/h2>\n<p>Stefan: Dieses Jahr steht das Schiller unter dem Motto &#8222;Alaaf und Ahoi&#8220;. Ich bin Neptun, der K\u00f6nig der Meere. Damit habe ich mir aber selbst ins Bein geschossen, denn ich bin sehr dick angezogen. Ich trage eine Per\u00fccke und einen Bart und wir drehen das bei 30 Grad im Studio. Ich glaube, dass das nicht lustig wird.<br \/>\nInes: Als ich geh\u00f6rt habe, dass er Neptun ist, habe ich gesagt, dass ich sein Schatz sein m\u00f6chte. Und nun darf ich seine Schatztruhe darstellen.<br \/>\nStefan: Wir haben es geschafft einen so gro\u00dfen Karton zu finden (beide lachen).<br \/>\nInes: Und nur mein Kopf schaut raus. Ich werde mich zu seinen F\u00fc\u00dfen bewegen und er sagt dann immer zu mir: &#8222;Schatz&#8220;.<\/p>\n<h2>&#8222;Unter uns&#8220; ist die einzige Produktion, die einen Karnevalsfundus hat.<\/h2>\n<p>Stefan: Die anderen Produktionen auf dem Gel\u00e4nde kommen auch ab und zu mal r\u00fcber und leihen sich bei uns etwas aus.<\/p>\n<h2>Stefan, hast du schon alle Kost\u00fcme einmal getragen?<\/h2>\n<p>Stefan: Einmal bin ich in meinem eigenen Prinzenkost\u00fcm aufgelaufen. Das war damals mit Rebecca Mattern, Maltes damalige Verflossene. Wir waren das Prinzenpaar der Schillerallee.<\/p>\n<h2>Gibt es ein Kost\u00fcm, welches ihr nicht anziehen w\u00fcrdet?<\/h2>\n<p>Ines: Catwoman. Das w\u00e4re dann eher eine fette Katze. Eine fette, fette Katze. Es kann aber auch sein, dass es Catwoman mit Di\u00e4tproblemen ist (lacht).<br \/>\nStefan: Wo hast du denn Di\u00e4tprobleme? Ich war auch schon eine Transe. Ich hatte das Kost\u00fcm von Brigitte Nielsen aus &#8222;Let\u2019s Dance&#8220; an, aus dem Paso Doble. Ich habe es hinten nur nicht zubekommen, aber mit Schuhgr\u00f6\u00dfe 45 hat alles funktioniert.<\/p>\n<h2>Stefan, wie wird man so verr\u00fcckt nach Karneval?<\/h2>\n<p>Stefan: Da w\u00e4chst man rein. Wir haben von klein an im damaligen Verein mitgeholfen, seit 25 Jahren bin ich jetzt im Verein aktiv. Ich habe beim Fanfaren-Chor mitgespielt und habe schon als Kind erste B\u00fcttenreden gehalten. Es war immer ein Highlight, bei der gro\u00dfen Sitzung mitmachen zu d\u00fcrfen. Schon damals habe ich viel Wert auf Parodien gelegt, wie z. B. Horst Schl\u00e4mmer, Cindy aus Marzahn und Ralf Morgenstern. Dieses Jahr hatte ich zum ersten Mal Gelegenheit, mir die Umz\u00fcge anzusehen. Wir haben uns in f\u00fcnf Tagen sechs Umz\u00fcge angeschaut.<\/p>\n<h2>Ines, kommst du nicht in Versuchung, wenn das Umfeld Karneval feiert?<\/h2>\n<p>Ines: Nein, auf gar keinen Fall. Niemals, au\u00dfer vielleicht im Kindergarten mit meiner Tochter. In Ostwestfalen, wo ich wohne, gibt es das nicht. Ich komme urspr\u00fcnglich aus dem Ruhrgebiet, da gibt es das schon. Da sagt man ja &#8222;Helau&#8220; und nicht &#8222;Alaaf&#8220;, das ist ja schon wieder eine ganz andere Mentalit\u00e4t. Umzug und B\u00fcttenreden schaue ich mir nie an \u2013 das ist Folter. Das macht Stefan auch n\u00fcchtern. Diese vielen Menschen und der Alkohol und dass sich alle k\u00fcssen. Das ist mein pers\u00f6nlicher Alptraum.<br \/>\nStefan: Das ist K\u00f6ln. Das gibt es nur an Rosenmontag.<\/p>\n<h2>Worum geht es eigentlich beim Karneval?<\/h2>\n<p>Stefan: Der Grundgedanke beim Karneval ist ja auch immer noch, den Politikern den Spiegel vorzuhalten. In den Sitzungen und im Stra\u00dfenkarneval ist das immer noch vorhanden, allerdings wird es kommerziell von der Gastronomie als Saufgelage ausgesch\u00f6pft. Die m\u00fcssen ja auch leben. B\u00fcttenreden sind ja sehr oft politisch, da wird nicht an Kritik gespart. Das macht es auch letzten Endes aus, denn du bist die Stimme des Volkes und die Politiker sitzen auch unten im Saal.<br \/>\n(zu Ines) Hast du noch gar keine Sitzung miterlebt?<br \/>\nInes: Nein.<br \/>\nStefan: Das \u00e4ndern wir.<br \/>\nInes: Nein. Ich will nicht.<\/p>\n","protected":false},"excerpt":{"rendered":"<p>Am Aschermittwoch ist alles vorbei \u2013 s\u00e4mtliche Karnevalsaktivit\u00e4ten pausieren dann bis zum 11.11. \u2013 nicht so bei &#8222;Unter uns&#8220;. Bedingt durch den Produktionsvorlauf von mehreren Monaten wurde der Tag f\u00fcr die Dreharbeiten mal eben um ganze vier Monate (!) vorgezogen.<\/p>\n","protected":false},"author":4,"featured_media":0,"comment_status":"open","ping_status":"open","sticky":false,"template":"","format":"standard","meta":{"footnotes":""},"categories":[71],"tags":[],"class_list":["post-42771","post","type-post","status-publish","format-standard","hentry","category-unter-uns"],"_links":{"self":[{"href":"https:\/\/soaplexikon.de\/cms\/wp-json\/wp\/v2\/posts\/42771","targetHints":{"allow":["GET"]}}],"collection":[{"href":"https:\/\/soaplexikon.de\/cms\/wp-json\/wp\/v2\/posts"}],"about":[{"href":"https:\/\/soaplexikon.de\/cms\/wp-json\/wp\/v2\/types\/post"}],"author":[{"embeddable":true,"href":"https:\/\/soaplexikon.de\/cms\/wp-json\/wp\/v2\/users\/4"}],"replies":[{"embeddable":true,"href":"https:\/\/soaplexikon.de\/cms\/wp-json\/wp\/v2\/comments?post=42771"}],"version-history":[{"count":1,"href":"https:\/\/soaplexikon.de\/cms\/wp-json\/wp\/v2\/posts\/42771\/revisions"}],"predecessor-version":[{"id":42773,"href":"https:\/\/soaplexikon.de\/cms\/wp-json\/wp\/v2\/posts\/42771\/revisions\/42773"}],"wp:attachment":[{"href":"https:\/\/soaplexikon.de\/cms\/wp-json\/wp\/v2\/media?parent=42771"}],"wp:term":[{"taxonomy":"category","embeddable":true,"href":"https:\/\/soaplexikon.de\/cms\/wp-json\/wp\/v2\/categories?post=42771"},{"taxonomy":"post_tag","embeddable":true,"href":"https:\/\/soaplexikon.de\/cms\/wp-json\/wp\/v2\/tags?post=42771"}],"curies":[{"name":"wp","href":"https:\/\/api.w.org\/{rel}","templated":true}]}}