{"id":42558,"date":"2015-06-13T10:00:39","date_gmt":"2015-06-13T08:00:39","guid":{"rendered":"http:\/\/soaplexikon.de\/cms\/?p=42558"},"modified":"2015-06-16T21:36:02","modified_gmt":"2015-06-16T19:36:02","slug":"unter-uns-thomas-wasik-spielt-reporter","status":"publish","type":"post","link":"https:\/\/soaplexikon.de\/cms\/unter-uns-thomas-wasik-spielt-reporter\/","title":{"rendered":"Unter Uns: Thomas Wasik spielt Reporter"},"content":{"rendered":"<table border=\"0\">\n<tbody>\n<tr>\n<td><img loading=\"lazy\" decoding=\"async\" class=\"alignnone\" title=\"Unter Uns\" src=\"http:\/\/www.soaplexikon.de\/image\/uu.jpg\" alt=\"\" width=\"100\" height=\"100\" \/><\/td>\n<td>Einen starken Gastauftritt bei &#8222;Unter uns&#8220; hat der K\u00f6lner Thomas Wasik in den Folgen 5120 und 5121 (16.\/17. Juni 2015). Bekannt wurde Wasik letztes Jahr als erster Kandidat der RTL-Dating-Show &#8222;Adam sucht Eva&#8220; \u2013 nackt. Als Klatschreporter Mark Zacker bei &#8222;Unter uns&#8220; hat er allerdings alle Klamotten an.<\/td>\n<\/tr>\n<\/tbody>\n<\/table>\n<p><!--more-->Den Plot kennen wir aus dem wahren Leben: Klatschreporter Mark Zacker vom &#8222;K\u00f6lner Blitz&#8220; trifft sich mit dem im Rollstuhl sitzenden Paco (Milos Vukovic), um \u00fcber sein behindertengerechtes Fitnessstudio &#8222;Turnhalle Deluxe&#8220; zu berichten. Doch dann findet er heraus, dass Pacos Freundin ihn gerade verlassen hat, und versucht nun alles, um an &#8222;die Geschichte hinter der Geschichte&#8220; zu kommen und die brandhei\u00dfen Infos sofort zu verbreiten.<\/p>\n<p>&#8222;Mark Zacker spielt mit seinem Charme, um die Top Secrets herauszukitzeln. Ihm sind alle Mittel recht. Letztendlich wird der Schmieren-Reporter dann aber mit seinen eigenen Waffen besiegt&#8220;, erz\u00e4hlt Thomas Wasik. &#8222;Privat bin ich nicht so kaltschn\u00e4uzig, sondern w\u00fcrde die Story mit mehr Respekt machen&#8220;. So, wie Thomas Wasik es im wahren Leben bereits bewiesen hat: Das Multitalent war 2014 ein halbes Jahr lang als Reporter in einer japanischen Reportage-Reihe \u00fcber K\u00f6ln zu sehen, in denen Wasik von verschiedenen Pl\u00e4tzen aus der Domstadt berichtete und den Japanern die k\u00f6lsche Kultur und k\u00f6lsche Mentalit\u00e4t vermittelte. Mit ganz viel Liebe und Achtung.<\/p>\n","protected":false},"excerpt":{"rendered":"<p>Einen starken Gastauftritt bei &#8222;Unter uns&#8220; hat der K\u00f6lner Thomas Wasik in den Folgen 5120 und 5121 (16.\/17. Juni 2015). Bekannt wurde Wasik letztes Jahr als erster Kandidat der RTL-Dating-Show &#8222;Adam sucht Eva&#8220; \u2013 nackt. Als Klatschreporter Mark Zacker bei &#8222;Unter uns&#8220; hat er allerdings alle Klamotten an.<\/p>\n","protected":false},"author":4,"featured_media":0,"comment_status":"open","ping_status":"open","sticky":false,"template":"","format":"standard","meta":{"footnotes":""},"categories":[71],"tags":[],"class_list":["post-42558","post","type-post","status-publish","format-standard","hentry","category-unter-uns"],"_links":{"self":[{"href":"https:\/\/soaplexikon.de\/cms\/wp-json\/wp\/v2\/posts\/42558","targetHints":{"allow":["GET"]}}],"collection":[{"href":"https:\/\/soaplexikon.de\/cms\/wp-json\/wp\/v2\/posts"}],"about":[{"href":"https:\/\/soaplexikon.de\/cms\/wp-json\/wp\/v2\/types\/post"}],"author":[{"embeddable":true,"href":"https:\/\/soaplexikon.de\/cms\/wp-json\/wp\/v2\/users\/4"}],"replies":[{"embeddable":true,"href":"https:\/\/soaplexikon.de\/cms\/wp-json\/wp\/v2\/comments?post=42558"}],"version-history":[{"count":1,"href":"https:\/\/soaplexikon.de\/cms\/wp-json\/wp\/v2\/posts\/42558\/revisions"}],"predecessor-version":[{"id":42560,"href":"https:\/\/soaplexikon.de\/cms\/wp-json\/wp\/v2\/posts\/42558\/revisions\/42560"}],"wp:attachment":[{"href":"https:\/\/soaplexikon.de\/cms\/wp-json\/wp\/v2\/media?parent=42558"}],"wp:term":[{"taxonomy":"category","embeddable":true,"href":"https:\/\/soaplexikon.de\/cms\/wp-json\/wp\/v2\/categories?post=42558"},{"taxonomy":"post_tag","embeddable":true,"href":"https:\/\/soaplexikon.de\/cms\/wp-json\/wp\/v2\/tags?post=42558"}],"curies":[{"name":"wp","href":"https:\/\/api.w.org\/{rel}","templated":true}]}}