{"id":42290,"date":"2015-05-07T09:00:13","date_gmt":"2015-05-07T07:00:13","guid":{"rendered":"http:\/\/soaplexikon.de\/cms\/?p=42290"},"modified":"2015-05-11T21:49:03","modified_gmt":"2015-05-11T19:49:03","slug":"gute-zeiten-schlechte-zeiten-tom-beck-uebernimmt-gastrolle","status":"publish","type":"post","link":"https:\/\/soaplexikon.de\/cms\/gute-zeiten-schlechte-zeiten-tom-beck-uebernimmt-gastrolle\/","title":{"rendered":"Gute Zeiten Schlechte Zeiten: Tom Beck \u00fcbernimmt Gastrolle"},"content":{"rendered":"<table border=\"0\">\n<tbody>\n<tr>\n<td><img loading=\"lazy\" decoding=\"async\" class=\"alignnone\" title=\"Gute Zeiten Schlechte Zeiten\" src=\"http:\/\/www.soaplexikon.de\/image\/gzsz_kl.jpg\" alt=\"\" width=\"100\" height=\"100\" \/><\/td>\n<td>In den Folgen 5.771 und 5.772 von &#8222;<a title=\"Gute Zeiten Schlechte Zeiten\" href=\"http:\/\/soaplexikon.de\/cms\/soaps-a-z\/gute-zeiten-schlechte-zeiten\/\" target=\"_blank\">Gute Zeiten Schlechte Zeiten<\/a>&#8220; am 24.6. und 25.6.2015 spielt Tom Beck sich selbst, die Gitarre und singt auch noch mit seiner Band im Mauerwerk dazu: und das alles f\u00fcr &#8222;Maren Seefeld&#8220; &#8211; gespielt von Eva Mona Rodekirchen!<\/td>\n<\/tr>\n<\/tbody>\n<\/table>\n<p><!--more-->Wie es dazu kam? &#8222;\u00dcber Eva bin ich zu GZSZ gekommen. Ich hatte mit der Produktionsfirma gesprochen, ob wir in der Serie nicht mal mit der Band auftreten k\u00f6nnten. Die Producer fanden die Songs ganz cool und so haben wir das Ganze eingef\u00e4delt&#8220;, so Beck zu RTL.<\/p>\n<p>Zu sehen sind die beiden als Tom Beck und &#8222;Maren Seefeld&#8220; bei GZSZ erstmalig zusammen in einer Daily. Beim Auftritt der Band geraten sie heftig ins Flirten. Doch wird da mehr gehen? <\/p>\n<p>Privat sind Rodekirchen und Beck seit Jahren bestens befreundet. Beide haben zusammen studiert. Ein Paar waren sie jedoch nie. Gek\u00fcsst haben sie sich dennoch schon einmal \u2013 vor Jahren f\u00fcr ein St\u00fcck auf einer Theaterb\u00fchne.<\/p>\n<p>Beck und Band performen f\u00fcr das RTL-Publikum den Song &#8222;One Love&#8220;, den er Eva Mona und seinem besten Freund gewidmet hat und &#8222;So wie es ist&#8220; von dem gleichnamigen Album. Musizieren ist neben der Schauspielerei seine gro\u00dfe Leidenschaft. Gro\u00dfe Bekanntheit erlangte der Schauspieler durch seine Rolle als &#8222;Ben J\u00e4ger&#8220; in der RTL-Serie &#8222;Alarm f\u00fcr Cobra 11 \u2013 Die Autobahnpolizei&#8220;.<\/p>\n","protected":false},"excerpt":{"rendered":"<p>In den Folgen 5.771 und 5.772 von &#8222;Gute Zeiten Schlechte Zeiten&#8220; am 24.6. und 25.6.2015 spielt Tom Beck sich selbst, die Gitarre und singt auch noch mit seiner Band im Mauerwerk dazu: und das alles f\u00fcr &#8222;Maren Seefeld&#8220; &#8211; gespielt von Eva Mona Rodekirchen!<\/p>\n","protected":false},"author":4,"featured_media":0,"comment_status":"open","ping_status":"open","sticky":false,"template":"","format":"standard","meta":{"footnotes":""},"categories":[38],"tags":[],"class_list":["post-42290","post","type-post","status-publish","format-standard","hentry","category-gute-zeiten-schlechte-zeiten"],"_links":{"self":[{"href":"https:\/\/soaplexikon.de\/cms\/wp-json\/wp\/v2\/posts\/42290","targetHints":{"allow":["GET"]}}],"collection":[{"href":"https:\/\/soaplexikon.de\/cms\/wp-json\/wp\/v2\/posts"}],"about":[{"href":"https:\/\/soaplexikon.de\/cms\/wp-json\/wp\/v2\/types\/post"}],"author":[{"embeddable":true,"href":"https:\/\/soaplexikon.de\/cms\/wp-json\/wp\/v2\/users\/4"}],"replies":[{"embeddable":true,"href":"https:\/\/soaplexikon.de\/cms\/wp-json\/wp\/v2\/comments?post=42290"}],"version-history":[{"count":1,"href":"https:\/\/soaplexikon.de\/cms\/wp-json\/wp\/v2\/posts\/42290\/revisions"}],"predecessor-version":[{"id":42293,"href":"https:\/\/soaplexikon.de\/cms\/wp-json\/wp\/v2\/posts\/42290\/revisions\/42293"}],"wp:attachment":[{"href":"https:\/\/soaplexikon.de\/cms\/wp-json\/wp\/v2\/media?parent=42290"}],"wp:term":[{"taxonomy":"category","embeddable":true,"href":"https:\/\/soaplexikon.de\/cms\/wp-json\/wp\/v2\/categories?post=42290"},{"taxonomy":"post_tag","embeddable":true,"href":"https:\/\/soaplexikon.de\/cms\/wp-json\/wp\/v2\/tags?post=42290"}],"curies":[{"name":"wp","href":"https:\/\/api.w.org\/{rel}","templated":true}]}}