{"id":42191,"date":"2015-04-28T17:30:43","date_gmt":"2015-04-28T15:30:43","guid":{"rendered":"http:\/\/soaplexikon.de\/cms\/?p=42191"},"modified":"2015-05-02T10:09:27","modified_gmt":"2015-05-02T08:09:27","slug":"lindenstrasse-jannik-scharmweber-ist-der-neue-nico-zenker","status":"publish","type":"post","link":"https:\/\/soaplexikon.de\/cms\/lindenstrasse-jannik-scharmweber-ist-der-neue-nico-zenker\/","title":{"rendered":"Lindenstra\u00dfe: Jannik Scharmweber ist der neue Nico Zenker"},"content":{"rendered":"<table border=\"0\">\n<tbody>\n<tr>\n<td><img loading=\"lazy\" decoding=\"async\" class=\"alignnone\" title=\"Lindenstra\u00dfe \" src=\"http:\/\/www.soaplexikon.de\/image\/listra.jpg\" alt=\"\" width=\"100\" height=\"100\" \/><\/td>\n<td>Nico Zenker ist wieder in der &#8222;<a title=\"Lindenstra\u00dfe\" href=\"http:\/\/soaplexikon.de\/cms\/soaps-a-z\/lindenstrasse\/\" target=\"_blank\">Lindenstra\u00dfe<\/a>&#8222;! Der 20-j\u00e4hrige Sohn von Iffi (Rebecca Siemoneit-Barum) und Momo (Moritz Zielke) verabschiedete sich 2010 in der Folge 1293 von seinen Verwandten und Freunden aus der Lindenstra\u00dfe, um in Kiel ein Internat zu besuchen. Dort machte er Abitur, ging ein Jahr nach Australien und studiert in Kiel inzwischen Sport und Englisch. Nun ist Nico auf dem Weg nach Mexiko und legt auf der Durchreise einen Zwischenstopp in M\u00fcnchen ein.<\/td>\n<\/tr>\n<\/tbody>\n<\/table>\n<p><!--more-->In Mexiko will er mit seinem Rucksack durchs Land reisen, surfen &#8211; einfach Spa\u00df haben. Iffi freut sich riesig, ihren Sohn endlich wieder in die Arme schlie\u00dfen zu k\u00f6nnen. Seit er in Kiel lebt, sieht sie ihn nur noch selten. Mit dem Studium l\u00e4uft es wohl nicht so rund, wie Nico andeutet, und dann gesteht er Iffi auch noch, dass er Mist gebaut hat und Geld braucht &#8230; <\/p>\n<p>Nico Zenker wird nicht mehr von Jimmy Mockridge gespielt, sondern von Jannik Scharmweber. Scharmweber, geboren im Juli 1990 in L\u00fcneburg, lebt in Hamburg und arbeitet als Schauspieler und Model. Er studierte am &#8218;B\u00fchnenstudio der Darstellenden K\u00fcnste&#8216; in Hamburg und absolvierte ein Sommersemsester an der &#8218;New York Film Academy&#8216; acting for film&#8216;. Nach seiner Ausbildung startete er sofort mit seiner ersten TV-Werbung und ist seitdem in einigen Werbespots zu sehen. Neben Kurzfilmen \u00fcbernahm er die Episoden-Hauptrolle &#8218;Paul Neuhaus&#8216; in der Serie &#8222;Notruf Hafenkante&#8220;. 2012 wurde der smarte 20J\u00e4hrige auf der Stra\u00dfe von einem Modelagenten angesprochen und lief im Januar\/ Februar 2015 in New York bei der Fashionweek seine erste Season als professionelles Model. Jannik Scharmweber: &#8222;Das war ein unglaubliches Erlebnis und eine tolle Ehre f\u00fcr mich!&#8220; Privat interessiert sich der Beau f\u00fcr Mode, Musik und Sport &#8211; und \u00e4hnelt damit seiner Figur Nico Zenker. Jannik Scharmweber ist Feuer und Flamme: &#8222;Das Beste ist f\u00fcr mich eine durchgehende Rolle in der &#8218;Lindenstra\u00dfe&#8216;!&#8220; Jannik Scharmweber ist erstmals am 19. Juli 2015 in der Folge &#8222;Zu viel?&#8220; (Folge 1539) zu sehen. Die Zuschauer d\u00fcrfen sich \u00fcber diesen charakterstarken, charmanten Neuzugang freuen! <\/p>\n","protected":false},"excerpt":{"rendered":"<p>Nico Zenker ist wieder in der &#8222;Lindenstra\u00dfe&#8222;! Der 20-j\u00e4hrige Sohn von Iffi (Rebecca Siemoneit-Barum) und Momo (Moritz Zielke) verabschiedete sich 2010 in der Folge 1293 von seinen Verwandten und Freunden aus der Lindenstra\u00dfe, um in Kiel ein Internat zu besuchen. Dort machte er Abitur, ging ein Jahr nach Australien und studiert in Kiel inzwischen Sport [&hellip;]<\/p>\n","protected":false},"author":4,"featured_media":0,"comment_status":"open","ping_status":"open","sticky":false,"template":"","format":"standard","meta":{"footnotes":""},"categories":[79],"tags":[],"class_list":["post-42191","post","type-post","status-publish","format-standard","hentry","category-lindenstrasse"],"_links":{"self":[{"href":"https:\/\/soaplexikon.de\/cms\/wp-json\/wp\/v2\/posts\/42191","targetHints":{"allow":["GET"]}}],"collection":[{"href":"https:\/\/soaplexikon.de\/cms\/wp-json\/wp\/v2\/posts"}],"about":[{"href":"https:\/\/soaplexikon.de\/cms\/wp-json\/wp\/v2\/types\/post"}],"author":[{"embeddable":true,"href":"https:\/\/soaplexikon.de\/cms\/wp-json\/wp\/v2\/users\/4"}],"replies":[{"embeddable":true,"href":"https:\/\/soaplexikon.de\/cms\/wp-json\/wp\/v2\/comments?post=42191"}],"version-history":[{"count":1,"href":"https:\/\/soaplexikon.de\/cms\/wp-json\/wp\/v2\/posts\/42191\/revisions"}],"predecessor-version":[{"id":42193,"href":"https:\/\/soaplexikon.de\/cms\/wp-json\/wp\/v2\/posts\/42191\/revisions\/42193"}],"wp:attachment":[{"href":"https:\/\/soaplexikon.de\/cms\/wp-json\/wp\/v2\/media?parent=42191"}],"wp:term":[{"taxonomy":"category","embeddable":true,"href":"https:\/\/soaplexikon.de\/cms\/wp-json\/wp\/v2\/categories?post=42191"},{"taxonomy":"post_tag","embeddable":true,"href":"https:\/\/soaplexikon.de\/cms\/wp-json\/wp\/v2\/tags?post=42191"}],"curies":[{"name":"wp","href":"https:\/\/api.w.org\/{rel}","templated":true}]}}