{"id":42133,"date":"2015-04-03T11:00:45","date_gmt":"2015-04-03T09:00:45","guid":{"rendered":"http:\/\/soaplexikon.de\/cms\/?p=42133"},"modified":"2015-05-01T16:39:10","modified_gmt":"2015-05-01T14:39:10","slug":"interview-mit-kaja-schmidt-tychsen","status":"publish","type":"post","link":"https:\/\/soaplexikon.de\/cms\/interview-mit-kaja-schmidt-tychsen\/","title":{"rendered":"Interview mit Kaja Schmidt-Tychsen"},"content":{"rendered":"<table border=\"0\">\n<tbody>\n<tr>\n<td><img loading=\"lazy\" decoding=\"async\" class=\"alignnone\" title=\"Alles was z\u00e4hlt\" src=\"http:\/\/www.soaplexikon.de\/image\/awz.jpg\" alt=\"\" width=\"100\" height=\"100\" \/><\/td>\n<td>\u00dcberraschung am Set von &#8222;Alles was z\u00e4hlt&#8220;: Kaja Schmidt-Tychsen steht jetzt mit komplett neuer Frisur vor der Kamera: Aus den langen Jenny-Steinkamp-Haaren wurde ein modischer, kurzer Bob. Der Grund: &#8222;F\u00fcr Jenny beginnt nun, nach Eriks Tod, ein neuer Lebensabschnitt. Und Ab-Schnitt passt dann ja auch gut zu meinen Haaren&#8220;, sagt Kaja. Zu sehen ist Kaja mit der neuen Frisur ab Folge 2.180 am 20. Mai 2015.<\/td>\n<\/tr>\n<\/tbody>\n<\/table>\n<h2><!--more-->Kaja, wie kam es zu dieser krassen Typ-\u00c4nderung?<\/h2>\n<p>Ich wollte mir schon seit Jahren wieder die Haare abschneiden. Doch meine Rollen der letzten Produktionen sollten immer lange Haare tragen. Also blieben sie lang. Bei AWZ wusste die Produktion schon sehr lange von meinem Wunsch. Und jetzt passte es gut, weil f\u00fcr Jenny ein ganz neuer Lebensabschnitt beginnt.<\/p>\n<h2>Wie gef\u00e4llt dir selbst deine neue Frisur?<\/h2>\n<p>Ich bin sehr gl\u00fccklich damit. Die Maskenm\u00e4dels haben einen sehr guten Blick f\u00fcr Frisuren und haben den neuen Look direkt auf meine Kopfform zugeschnitten. Ich mag das etwas kantige daran. Privat sind sie wilder und zwirbeln sich auf, das habe ich sehr gerne. In der Maske bekomme ich sie streng und glatt, wie Jenny es mag. So kann ich mich am Set dann immer wieder in Jenny &#8222;verwandeln&#8220;, was sehr hilfreich ist. Jenny tr\u00e4gt ja auch andere Klamotten, Handtaschen, andere Schuhe, damit gehe ich automatisch anders. Nun ist auch die Frisur anders!<\/p>\n<h2>Wie werden die Fans die neue Frisur finden?<\/h2>\n<p>Ich glaube, die Fans werden sie erst mal nicht gut finden, weil sie Jenny nur mit langen Haaren kennen und weil sie selber nicht mitentscheiden durften. Wir h\u00e4tten vielleicht eine Abstimmung machen sollen. Bisher gehen die Meinungen sehr weit auseinander: Frauen finden meine Haare megageil, es gibt aber gen\u00fcgend M\u00e4nner, unter anderem mein Mann, die sagen, lange Haare sind sch\u00f6ner. Aber leider hat er in diesem Fall nichts mitzureden, da es eine Entscheidung der Produktion war. Und wenn&#8217;s nichts wird \u2013 sie wachsen ja schnell wieder!<\/p>\n<h2>Hattest du je in deinem Leben kurze Haare?<\/h2>\n<p>Als Kind hatte ich oft kurze Haare. Meine Mutter war Fris\u00f6rin und hat uns Kindern immer die Haare geschnitten. Mit 17 hatte ich ganz lange Haare, da erinnere ich mich noch, als sie eines Tages hinter mir am Klavier stand und sagte &#8218;Was hast du f\u00fcr sch\u00f6nes Haar, mein Kind \u2026&#8216; Und einen Tag sp\u00e4ter habe ich sie mir auf 9 mm abrasiert. Das hat meine Mutter mir sehr \u00fcbel genommen! Aber sie sind ja wieder &#8218;Jenny-lang&#8216; geworden! Als ich an der Schauspielschule war, wurde ich dann immer als Prinzessin oder Fee besetzt, aber ich wollte auch anders gesehen werden. Ich dachte, da muss was Knackiges rein und habe mir wieder eine Glatze geschnitten. Das waren meine zwei Glatzen im Leben. Von da an erlebt man dann ja alle m\u00f6glichen Stufen von Kurzhaarfrisuren. Zum Ende der Schauspielschule waren meine Haare dann wieder lang. Und f\u00fcr Produktionen ist es immer einfacher, wenn eine Frau lange Haare tr\u00e4gt statt Glatze.<\/p>\n<h2>F\u00fcr die Rolle Jennifer Steinkamp sind die kurzen Haare eine Premiere \u2013 bist du dir dessen bewusst?<\/h2>\n<p>Ich bin mir dessen bewusst, ja. Lange Haare passen auch zu dem Bild, was man von dieser Frau mit der klassischen Eislaufkarriere hat. Da geh\u00f6ren lange Haare dazu. Es geh\u00f6rt auch zur ewigen Spiegelung mit der Mutter, die ja auch immer den Dutt tr\u00e4gt. Ich glaube, sich die Haare abzuschneiden, ist f\u00fcr Jenny ein viel gr\u00f6\u00dferer Schritt als f\u00fcr Kaja.<\/p>\n<h2>Neue Frisur \u2013 neue Liebe?<\/h2>\n<p>Demn\u00e4chst wird es einen neuen Mann in Jennys Leben geben, ja. Mehr verrate ich dazu jetzt noch nicht. Es kann schon passieren, dass die beiden sich dann nicht nur als B\u00f6sewichte betrachten, sondern schon auch als Mann und Frau. Aber eine neue Liebe \u2013 nein, das w\u00fcrde ich nicht sagen. Jennys Liebe geh\u00f6rt Erik.<\/p>\n","protected":false},"excerpt":{"rendered":"<p>\u00dcberraschung am Set von &#8222;Alles was z\u00e4hlt&#8220;: Kaja Schmidt-Tychsen steht jetzt mit komplett neuer Frisur vor der Kamera: Aus den langen Jenny-Steinkamp-Haaren wurde ein modischer, kurzer Bob. Der Grund: &#8222;F\u00fcr Jenny beginnt nun, nach Eriks Tod, ein neuer Lebensabschnitt. Und Ab-Schnitt passt dann ja auch gut zu meinen Haaren&#8220;, sagt Kaja. Zu sehen ist Kaja [&hellip;]<\/p>\n","protected":false},"author":4,"featured_media":0,"comment_status":"open","ping_status":"open","sticky":false,"template":"","format":"standard","meta":{"footnotes":""},"categories":[64,34],"tags":[],"class_list":["post-42133","post","type-post","status-publish","format-standard","hentry","category-alles-was-zahlt","category-wege-zum-gluck"],"_links":{"self":[{"href":"https:\/\/soaplexikon.de\/cms\/wp-json\/wp\/v2\/posts\/42133","targetHints":{"allow":["GET"]}}],"collection":[{"href":"https:\/\/soaplexikon.de\/cms\/wp-json\/wp\/v2\/posts"}],"about":[{"href":"https:\/\/soaplexikon.de\/cms\/wp-json\/wp\/v2\/types\/post"}],"author":[{"embeddable":true,"href":"https:\/\/soaplexikon.de\/cms\/wp-json\/wp\/v2\/users\/4"}],"replies":[{"embeddable":true,"href":"https:\/\/soaplexikon.de\/cms\/wp-json\/wp\/v2\/comments?post=42133"}],"version-history":[{"count":1,"href":"https:\/\/soaplexikon.de\/cms\/wp-json\/wp\/v2\/posts\/42133\/revisions"}],"predecessor-version":[{"id":42145,"href":"https:\/\/soaplexikon.de\/cms\/wp-json\/wp\/v2\/posts\/42133\/revisions\/42145"}],"wp:attachment":[{"href":"https:\/\/soaplexikon.de\/cms\/wp-json\/wp\/v2\/media?parent=42133"}],"wp:term":[{"taxonomy":"category","embeddable":true,"href":"https:\/\/soaplexikon.de\/cms\/wp-json\/wp\/v2\/categories?post=42133"},{"taxonomy":"post_tag","embeddable":true,"href":"https:\/\/soaplexikon.de\/cms\/wp-json\/wp\/v2\/tags?post=42133"}],"curies":[{"name":"wp","href":"https:\/\/api.w.org\/{rel}","templated":true}]}}