{"id":40899,"date":"2015-02-12T10:00:05","date_gmt":"2015-02-12T09:00:05","guid":{"rendered":"http:\/\/soaplexikon.de\/cms\/?p=40899"},"modified":"2015-02-20T19:27:36","modified_gmt":"2015-02-20T18:27:36","slug":"alles-was-zaehlt-zusammenarbeit-mit-jenny-elvers-beendet","status":"publish","type":"post","link":"https:\/\/soaplexikon.de\/cms\/alles-was-zaehlt-zusammenarbeit-mit-jenny-elvers-beendet\/","title":{"rendered":"Alles was z\u00e4hlt: Zusammenarbeit mit Jenny Elvers beendet"},"content":{"rendered":"<table border=\"0\">\n<tbody>\n<tr>\n<td><img loading=\"lazy\" decoding=\"async\" class=\"alignnone\" title=\"Alles was z\u00e4hlt\" src=\"http:\/\/www.soaplexikon.de\/image\/awz.jpg\" alt=\"\" width=\"100\" height=\"100\" \/><\/td>\n<td>&#8222;<a title=\"Alles was z\u00e4hlt\" href=\"http:\/\/soaplexikon.de\/cms\/soaps-a-z\/alles-was-zaehlt\/\" target=\"_blank\">Alles was z\u00e4hlt<\/a>&#8222;, die Produktionsfirma UFA Serial Drama und Jenny Elvers haben sich nach ausgiebigen Gespr\u00e4chen entschlossen, ihre Zusammenarbeit zu diesem Zeitpunkt zu beenden. Die Koordination des Drehs in einer t\u00e4glichen Serie und Jennys Elvers&#8216; Wohnsitz in Marbella lassen sich doch nur sehr viel schwerer verbinden als angenommen.<\/td>\n<\/tr>\n<\/tbody>\n<\/table>\n<p><!--more-->Die Rolle Sylvie Lukowski wird bei &#8222;Alles was z\u00e4hlt&#8220; von der Schauspielerin Solveig August \u00fcbernommen. Sie wird erstmals in Folge 2122 am 20. Februar 2015 bei &#8222;Alles was z\u00e4hlt&#8220; zu sehen sein.<\/p>\n<p><script src=\"http:\/\/ws-eu.amazon-adsystem.com\/widgets\/q?rt=tf_cw&amp;ServiceVersion=20070822&amp;MarketPlace=DE&amp;ID=V20070822%2FDE%2Fsoaplexikonde-21%2F8010%2F26366cc9-44aa-4231-a2f6-889abb459e0c&amp;Operation=GetScriptTemplate\" charset=\"utf-8\">\/\/ <![CDATA[\n\n\/\/ ]]><\/script><\/p>\n<p><noscript><A HREF=\"http:\/\/ws-eu.amazon-adsystem.com\/widgets\/q?rt=tf_cw&#038;ServiceVersion=20070822&#038;MarketPlace=DE&#038;ID=V20070822%2FDE%2Fsoaplexikonde-21%2F8010%2F26366cc9-44aa-4231-a2f6-889abb459e0c&#038;Operation=NoScript\">Amazon.de Widgets<\/A><\/noscript><\/p>\n<p><a title=\"Solveig August\" href=\"http:\/\/soaplexikon.de\/cms\/tag\/solveig-august\/\" target=\"_blank\">Solveig August<\/a>, geboren am 25. Februar 1969, spielte bisher in folgenden Soaps mit:<br \/>\n2003: Hinter Gittern \u2013 Der Frauenknast<br \/>\n2004 bis 2006: Hinter Gittern \u2013 Der Frauenknast<\/p>\n","protected":false},"excerpt":{"rendered":"<p>&#8222;Alles was z\u00e4hlt&#8222;, die Produktionsfirma UFA Serial Drama und Jenny Elvers haben sich nach ausgiebigen Gespr\u00e4chen entschlossen, ihre Zusammenarbeit zu diesem Zeitpunkt zu beenden. Die Koordination des Drehs in einer t\u00e4glichen Serie und Jennys Elvers&#8216; Wohnsitz in Marbella lassen sich doch nur sehr viel schwerer verbinden als angenommen.<\/p>\n","protected":false},"author":4,"featured_media":0,"comment_status":"open","ping_status":"open","sticky":false,"template":"","format":"standard","meta":{"footnotes":""},"categories":[64,81],"tags":[927,928],"class_list":["post-40899","post","type-post","status-publish","format-standard","hentry","category-alles-was-zahlt","category-hinter-gittern","tag-jenny-elvers","tag-solveig-august"],"_links":{"self":[{"href":"https:\/\/soaplexikon.de\/cms\/wp-json\/wp\/v2\/posts\/40899","targetHints":{"allow":["GET"]}}],"collection":[{"href":"https:\/\/soaplexikon.de\/cms\/wp-json\/wp\/v2\/posts"}],"about":[{"href":"https:\/\/soaplexikon.de\/cms\/wp-json\/wp\/v2\/types\/post"}],"author":[{"embeddable":true,"href":"https:\/\/soaplexikon.de\/cms\/wp-json\/wp\/v2\/users\/4"}],"replies":[{"embeddable":true,"href":"https:\/\/soaplexikon.de\/cms\/wp-json\/wp\/v2\/comments?post=40899"}],"version-history":[{"count":3,"href":"https:\/\/soaplexikon.de\/cms\/wp-json\/wp\/v2\/posts\/40899\/revisions"}],"predecessor-version":[{"id":40907,"href":"https:\/\/soaplexikon.de\/cms\/wp-json\/wp\/v2\/posts\/40899\/revisions\/40907"}],"wp:attachment":[{"href":"https:\/\/soaplexikon.de\/cms\/wp-json\/wp\/v2\/media?parent=40899"}],"wp:term":[{"taxonomy":"category","embeddable":true,"href":"https:\/\/soaplexikon.de\/cms\/wp-json\/wp\/v2\/categories?post=40899"},{"taxonomy":"post_tag","embeddable":true,"href":"https:\/\/soaplexikon.de\/cms\/wp-json\/wp\/v2\/tags?post=40899"}],"curies":[{"name":"wp","href":"https:\/\/api.w.org\/{rel}","templated":true}]}}