{"id":40676,"date":"2015-02-02T12:30:59","date_gmt":"2015-02-02T11:30:59","guid":{"rendered":"http:\/\/soaplexikon.de\/cms\/?p=40676"},"modified":"2015-02-02T13:04:15","modified_gmt":"2015-02-02T12:04:15","slug":"lindenstrasse-hana-geissendoerfer-jetzt-auch-produzentin-und-kreativer-kopf","status":"publish","type":"post","link":"https:\/\/soaplexikon.de\/cms\/lindenstrasse-hana-geissendoerfer-jetzt-auch-produzentin-und-kreativer-kopf\/","title":{"rendered":"Lindenstra\u00dfe: Hana Gei\u00dfend\u00f6rfer &#8211; jetzt auch Produzentin und kreativer Kopf"},"content":{"rendered":"<table border=\"0\">\n<tbody>\n<tr>\n<td><img loading=\"lazy\" decoding=\"async\" class=\"alignnone\" title=\"Lindenstra\u00dfe \" src=\"http:\/\/www.soaplexikon.de\/image\/listra.jpg\" alt=\"\" width=\"100\" height=\"100\" \/><\/td>\n<td>Zusammen mit <a title=\"Hans W. Gei\u00dfend\u00f6rfer\" href=\"http:\/\/soaplexikon.de\/cms\/tag\/hans-w-geissendoerfer\/\" target=\"_blank\">Hans W. Gei\u00dfend\u00f6rfer<\/a>, Erfinder und Produzent von Deutschlands lang laufendster TV-Serie, wird ab sofort auch Hana Gei\u00dfend\u00f6rfer als Produzentin der &#8222;<a title=\"Lindenstra\u00dfe\" href=\"http:\/\/soaplexikon.de\/cms\/soaps-a-z\/lindenstrasse\/\" target=\"_blank\">Lindenstra\u00dfe<\/a>&#8220; fungieren. Die Tochter von Hans W. Gei\u00dfend\u00f6rfer wird vorrangig die kreativen Bereiche der &#8222;Lindenstra\u00dfe&#8220; verantworten.<\/td>\n<\/tr>\n<\/tbody>\n<\/table>\n<p><!--more-->2013 und 2014 war sie als Drehbuchautorin f\u00fcr die &#8222;Lindenstra\u00dfe&#8220; t\u00e4tig, die seit 1985 von Gei\u00dfend\u00f6rfer Film- und Fernsehproduktion (GFF) im Auftrag des WDR f\u00fcr das Erste produziert wird und in diesem Jahr ihr 30j\u00e4hriges Jubil\u00e4um feiert. &#8222;Hana hat das Zeug dazu, die &#8218;Lindenstra\u00dfe&#8216; zu f\u00fchren, und ich bin sehr gl\u00fccklich dar\u00fcber, dass sie meine Leidenschaft f\u00fcr diese Serie teilt. Mit ihr bleibt unsere Tradition und unser Anspruch, das aktuelle Leben in Deutschland zu spiegeln, in guten H\u00e4nden&#8220;, so Gei\u00dfend\u00f6rfer.<\/p>\n<p><script src=\"http:\/\/ws-eu.amazon-adsystem.com\/widgets\/q?rt=tf_cw&amp;ServiceVersion=20070822&amp;MarketPlace=DE&amp;ID=V20070822%2FDE%2Fsoaplexikonde-21%2F8010%2F492b0a64-11ee-4af7-8d6c-e02e27a3dd72&amp;Operation=GetScriptTemplate\" charset=\"utf-8\">\/\/ <![CDATA[\n\n\/\/ ]]><\/script><\/p>\n<p><noscript><A HREF=\"http:\/\/ws-eu.amazon-adsystem.com\/widgets\/q?rt=tf_cw&#038;ServiceVersion=20070822&#038;MarketPlace=DE&#038;ID=V20070822%2FDE%2Fsoaplexikonde-21%2F8010%2F492b0a64-11ee-4af7-8d6c-e02e27a3dd72&#038;Operation=NoScript\">Amazon.de Widgets<\/A><\/noscript><\/p>\n<p>Hana Gei\u00dfend\u00f6rfer ist die Mittlere der drei T\u00f6chter von Hans W. Gei\u00dfend\u00f6rfer. Sie studierte Volkswirtschaftslehre an der Universit\u00e4t Bristol und absolvierte anschlie\u00dfend ein Masterstudium in Regie an der Internationalen Filmschule in Paris. Dort f\u00fchrte sie u.a. Regie bei zwei Kurzfilmen, die auf internationalen Festivals liefen und Auszeichnungen erhielten. Daneben wirkte sie als Produktionsleiterin bei mehreren Abschlussfilmen mit. Nach Beendigung der Filmschule inszenierte Hana Gei\u00dfend\u00f6rfer ihren dritten preisgekr\u00f6nten Kurzfilm &#8222;Hermann&#8220; und war als Regieassistentin in der Film- und TV-Branche aktiv, darunter auch bei der &#8222;Lindenstra\u00dfe&#8220;.<\/p>\n<p>Neben ihren T\u00e4tigkeiten f\u00fcr die ARD-Serie arbeitet die Filmemacherin als Autorin und Regisseurin. Zudem fungierte sie f\u00fcr die GFF als Produzentin der Ko-Produktion von &#8222;Der Bunker&#8220;, dem ersten Kinofilm von Nikias Chryssos. Der Langfilm, ein Mix aus absurder Kom\u00f6die, Horrorfilm und Melodram, feiert auf der Berlinale 2015 in der Reihe &#8218;Perspektive Deutsches Kino&#8216; Weltpremiere.<\/p>\n<p>Lindenstra\u00dfe Presse<\/p>\n","protected":false},"excerpt":{"rendered":"<p>Zusammen mit Hans W. Gei\u00dfend\u00f6rfer, Erfinder und Produzent von Deutschlands lang laufendster TV-Serie, wird ab sofort auch Hana Gei\u00dfend\u00f6rfer als Produzentin der &#8222;Lindenstra\u00dfe&#8220; fungieren. Die Tochter von Hans W. Gei\u00dfend\u00f6rfer wird vorrangig die kreativen Bereiche der &#8222;Lindenstra\u00dfe&#8220; verantworten.<\/p>\n","protected":false},"author":4,"featured_media":0,"comment_status":"open","ping_status":"open","sticky":false,"template":"","format":"standard","meta":{"footnotes":""},"categories":[79],"tags":[894,842],"class_list":["post-40676","post","type-post","status-publish","format-standard","hentry","category-lindenstrasse","tag-hana-geissendoerfer","tag-hans-w-geissendoerfer"],"_links":{"self":[{"href":"https:\/\/soaplexikon.de\/cms\/wp-json\/wp\/v2\/posts\/40676","targetHints":{"allow":["GET"]}}],"collection":[{"href":"https:\/\/soaplexikon.de\/cms\/wp-json\/wp\/v2\/posts"}],"about":[{"href":"https:\/\/soaplexikon.de\/cms\/wp-json\/wp\/v2\/types\/post"}],"author":[{"embeddable":true,"href":"https:\/\/soaplexikon.de\/cms\/wp-json\/wp\/v2\/users\/4"}],"replies":[{"embeddable":true,"href":"https:\/\/soaplexikon.de\/cms\/wp-json\/wp\/v2\/comments?post=40676"}],"version-history":[{"count":3,"href":"https:\/\/soaplexikon.de\/cms\/wp-json\/wp\/v2\/posts\/40676\/revisions"}],"predecessor-version":[{"id":40679,"href":"https:\/\/soaplexikon.de\/cms\/wp-json\/wp\/v2\/posts\/40676\/revisions\/40679"}],"wp:attachment":[{"href":"https:\/\/soaplexikon.de\/cms\/wp-json\/wp\/v2\/media?parent=40676"}],"wp:term":[{"taxonomy":"category","embeddable":true,"href":"https:\/\/soaplexikon.de\/cms\/wp-json\/wp\/v2\/categories?post=40676"},{"taxonomy":"post_tag","embeddable":true,"href":"https:\/\/soaplexikon.de\/cms\/wp-json\/wp\/v2\/tags?post=40676"}],"curies":[{"name":"wp","href":"https:\/\/api.w.org\/{rel}","templated":true}]}}