{"id":40005,"date":"2015-01-16T18:30:13","date_gmt":"2015-01-16T17:30:13","guid":{"rendered":"http:\/\/soaplexikon.de\/cms\/?p=40005"},"modified":"2015-03-08T12:07:10","modified_gmt":"2015-03-08T11:07:10","slug":"the-vampire-diaries-staffel-6-ab-februar-2015-bei-sixx","status":"publish","type":"post","link":"https:\/\/soaplexikon.de\/cms\/the-vampire-diaries-staffel-6-ab-februar-2015-bei-sixx\/","title":{"rendered":"The Vampire Diaries: Staffel 6 ab Februar 2015 bei Sixx"},"content":{"rendered":"<table border=\"0\">\n<tbody>\n<tr>\n<td><img loading=\"lazy\" decoding=\"async\" class=\"alignnone\" title=\"The Vampire Diaries\" src=\"http:\/\/www.soaplexikon.de\/image\/tvd.jpg\" alt=\"\" width=\"100\" height=\"100\" \/><\/td>\n<td>Am Donnerstag, 26. Februar 2015, beginnt um 20:15 Uhr die sechste Staffel &#8222;The Vampire Diaries&#8220; auf Sixx.<\/td>\n<\/tr>\n<\/tbody>\n<\/table>\n<p><!--more--><br \/>\n<script src=\"http:\/\/ws-eu.amazon-adsystem.com\/widgets\/q?rt=tf_cw&amp;ServiceVersion=20070822&amp;MarketPlace=DE&amp;ID=V20070822%2FDE%2Fsoaplexikonde-21%2F8010%2F35063912-255b-4f35-9814-614cdcf719e1&amp;Operation=GetScriptTemplate\" charset=\"utf-8\">\/\/ <![CDATA[\n\n\/\/ ]]><\/script><\/p>\n<p><noscript><A HREF=\"http:\/\/ws-eu.amazon-adsystem.com\/widgets\/q?rt=tf_cw&#038;ServiceVersion=20070822&#038;MarketPlace=DE&#038;ID=V20070822%2FDE%2Fsoaplexikonde-21%2F8010%2F35063912-255b-4f35-9814-614cdcf719e1&#038;Operation=NoScript\">Amazon.de Widgets<\/A><\/noscript><\/p>\n<p>Folge 112 (6&#215;01) &#8222;F\u00fcr den Rest der Ewigkeit&#8220; (I&#8217;ll Remember)<br \/>\nEs ist viel Zeit vergangen seit der Ausl\u00f6schung der anderen Seite. Nun m\u00fcssen die \u00dcberlebenden die Puzzleteile ihres Lebens wieder zusammenbringen. W\u00e4hrend Caroline versucht, Mystic Falls von seinem Fluch zu befreien, arbeitet Stefan in einer Autowerkstatt und f\u00fchrt ein bescheidenes Dasein. Elena ist zufrieden, denn sie kann mit Damon kommunizieren. Sie ahnt jedoch nicht, dass sie in einer drogeninduzierten Scheinwelt lebt.<br \/>\n26. Februar 2015 20:15 Uhr bei Sixx<\/p>\n","protected":false},"excerpt":{"rendered":"<p>Am Donnerstag, 26. Februar 2015, beginnt um 20:15 Uhr die sechste Staffel &#8222;The Vampire Diaries&#8220; auf Sixx.<\/p>\n","protected":false},"author":2,"featured_media":0,"comment_status":"open","ping_status":"open","sticky":false,"template":"","format":"standard","meta":{"footnotes":""},"categories":[411],"tags":[],"class_list":["post-40005","post","type-post","status-publish","format-standard","hentry","category-the-vampire-diaries"],"_links":{"self":[{"href":"https:\/\/soaplexikon.de\/cms\/wp-json\/wp\/v2\/posts\/40005","targetHints":{"allow":["GET"]}}],"collection":[{"href":"https:\/\/soaplexikon.de\/cms\/wp-json\/wp\/v2\/posts"}],"about":[{"href":"https:\/\/soaplexikon.de\/cms\/wp-json\/wp\/v2\/types\/post"}],"author":[{"embeddable":true,"href":"https:\/\/soaplexikon.de\/cms\/wp-json\/wp\/v2\/users\/2"}],"replies":[{"embeddable":true,"href":"https:\/\/soaplexikon.de\/cms\/wp-json\/wp\/v2\/comments?post=40005"}],"version-history":[{"count":1,"href":"https:\/\/soaplexikon.de\/cms\/wp-json\/wp\/v2\/posts\/40005\/revisions"}],"predecessor-version":[{"id":40009,"href":"https:\/\/soaplexikon.de\/cms\/wp-json\/wp\/v2\/posts\/40005\/revisions\/40009"}],"wp:attachment":[{"href":"https:\/\/soaplexikon.de\/cms\/wp-json\/wp\/v2\/media?parent=40005"}],"wp:term":[{"taxonomy":"category","embeddable":true,"href":"https:\/\/soaplexikon.de\/cms\/wp-json\/wp\/v2\/categories?post=40005"},{"taxonomy":"post_tag","embeddable":true,"href":"https:\/\/soaplexikon.de\/cms\/wp-json\/wp\/v2\/tags?post=40005"}],"curies":[{"name":"wp","href":"https:\/\/api.w.org\/{rel}","templated":true}]}}