{"id":3918,"date":"2012-02-21T15:30:35","date_gmt":"2012-02-21T14:30:35","guid":{"rendered":"http:\/\/soaplexikon.de\/cms\/?p=3918"},"modified":"2015-01-18T23:17:44","modified_gmt":"2015-01-18T22:17:44","slug":"sturm-der-liebe-der-magische-fels","status":"publish","type":"post","link":"https:\/\/soaplexikon.de\/cms\/sturm-der-liebe-der-magische-fels\/","title":{"rendered":"Sturm der Liebe: der magische Fels"},"content":{"rendered":"<table border=\"0\">\n<tbody>\n<tr>\n<td><img loading=\"lazy\" decoding=\"async\" class=\"alignnone\" title=\"Sturm der Liebe\" src=\"http:\/\/www.soaplexikon.de\/image\/sdl.jpg\" alt=\"\" width=\"100\" height=\"100\" \/><\/td>\n<td>Am 21.M\u00e4rz ist in der 1495.Folge &#8222;Sturm der Liebe &#8222;ein Traum der besonderen Art zu sehen.&#8220;Theresa&#8220; (Ines Lutz) und &#8222;Moritz&#8220; (Daniel F\u00fcnffrock) machen einen gemeinsamen Ausflug und kommen dabei an einen magischen Felsen. Dort haben die beiden eine gemeinsame Vision: Sie sind die Helden eines M\u00e4rchens&#8230;<\/td>\n<\/tr>\n<\/tbody>\n<\/table>\n<p><!--more--><\/p>\n<p style=\"text-align: center;\"><img loading=\"lazy\" decoding=\"async\" class=\"alignnone\" title=\"Ritter Andr\u00e9 (Joachim L\u00e4tsch) buhlt bei K\u00f6nig Alfons (Sepp Schauer) um dessen Tochter Theresa (Ines Lutz). Begleitet wird er von seinem attraktiven Schildknappen Moritz (Daniel F\u00fcnffrock).\" src=\"http:\/\/www.soaplexikon.de\/image\/sdl_2012_02.jpg\" alt=\"\" width=\"432\" height=\"287\" \/><\/p>\n<p style=\"text-align: center;\">\u00a9 ARD \/ Ann Paur<\/p>\n<p>Der stolze K\u00f6nig ist &#8222;Alfons&#8220; (Sepp Schauer) m\u00f6chte seine anmutige Tochter &#8222;Theresa&#8220; verheiraten. Der auserw\u00e4hlte ist der Ritter &#8222;Andr\u00e9&#8220; (Joachim L\u00e4tsch), der von seinem attraktiven Schildknappen &#8222;Moritz&#8220; begleitet wird. Doch was w\u00e4re ein M\u00e4rchen ohne B\u00f6sewicht? Die Rolle der b\u00f6sen Fee \u00fcbernimmt &#8222;Doris&#8220; (Simone Ritscher).<\/p>\n<p style=\"text-align: center;\"><img loading=\"lazy\" decoding=\"async\" class=\"alignnone\" title=\"Theresa (Ines Lutz), die anmutige K\u00f6nigstochter\" src=\"http:\/\/www.soaplexikon.de\/image\/sdl_2012_03.jpg\" alt=\"\" width=\"287\" height=\"432\" \/><\/p>\n<p style=\"text-align: center;\">\u00a9 ARD \/ Ann Paur<\/p>\n<p>Doch das eigentliche Happy End erwartet &#8222;Theresa&#8220; nach der Vision&#8230;<\/p>\n<p style=\"text-align: center;\"><img loading=\"lazy\" decoding=\"async\" class=\"alignnone\" title=\"Moritz (Daniel F\u00fcnffrock), der junge Schildknappe \" src=\"http:\/\/www.soaplexikon.de\/image\/sdl_2012_04.jpg\" alt=\"\" width=\"287\" height=\"432\" \/><\/p>\n<p style=\"text-align: center;\">\u00a9 ARD \/ Ann Paur<\/p>\n<p>Das Buch der Folge haben Richard Mackenrodt und Marlene Schwedler geschrieben. Regie gef\u00fchrt haben Silke B\u00e4urich und Carsten Meyer-Grohbr\u00fcgge.<\/p>\n<p style=\"text-align: center;\"><img loading=\"lazy\" decoding=\"async\" class=\"alignnone\" title=\"Doris (Simone Ritscher), die b\u00f6se Fee\" src=\"http:\/\/www.soaplexikon.de\/image\/sdl_2012_05.jpg\" alt=\"\" width=\"287\" height=\"432\" \/><\/p>\n<p style=\"text-align: center;\">\u00a9 ARD \/ Ann Paur<\/p>\n<p style=\"text-align: center;\"><img loading=\"lazy\" decoding=\"async\" class=\"alignnone\" title=\"Alfons (Sepp Schauer), der stolze K\u00f6nig\" src=\"http:\/\/www.soaplexikon.de\/image\/sdl_2012_06.jpg\" alt=\"\" width=\"287\" height=\"432\" \/><\/p>\n<p style=\"text-align: center;\">\u00a9 ARD \/ Ann Paur<\/p>\n","protected":false},"excerpt":{"rendered":"<p>Am 21.M\u00e4rz ist in der 1495.Folge &#8222;Sturm der Liebe &#8222;ein Traum der besonderen Art zu sehen.&#8220;Theresa&#8220; (Ines Lutz) und &#8222;Moritz&#8220; (Daniel F\u00fcnffrock) machen einen gemeinsamen Ausflug und kommen dabei an einen magischen Felsen. Dort haben die beiden eine gemeinsame Vision: Sie sind die Helden eines M\u00e4rchens&#8230;<\/p>\n","protected":false},"author":4,"featured_media":0,"comment_status":"open","ping_status":"open","sticky":false,"template":"","format":"standard","meta":{"footnotes":""},"categories":[78],"tags":[722,780,686,684,763],"class_list":["post-3918","post","type-post","status-publish","format-standard","hentry","category-sturm-der-liebe","tag-daniel-fuenffrock","tag-ines-lutz","tag-joachim-laetsch","tag-sepp-schauer","tag-simone-ritscher"],"_links":{"self":[{"href":"https:\/\/soaplexikon.de\/cms\/wp-json\/wp\/v2\/posts\/3918","targetHints":{"allow":["GET"]}}],"collection":[{"href":"https:\/\/soaplexikon.de\/cms\/wp-json\/wp\/v2\/posts"}],"about":[{"href":"https:\/\/soaplexikon.de\/cms\/wp-json\/wp\/v2\/types\/post"}],"author":[{"embeddable":true,"href":"https:\/\/soaplexikon.de\/cms\/wp-json\/wp\/v2\/users\/4"}],"replies":[{"embeddable":true,"href":"https:\/\/soaplexikon.de\/cms\/wp-json\/wp\/v2\/comments?post=3918"}],"version-history":[{"count":17,"href":"https:\/\/soaplexikon.de\/cms\/wp-json\/wp\/v2\/posts\/3918\/revisions"}],"predecessor-version":[{"id":20412,"href":"https:\/\/soaplexikon.de\/cms\/wp-json\/wp\/v2\/posts\/3918\/revisions\/20412"}],"wp:attachment":[{"href":"https:\/\/soaplexikon.de\/cms\/wp-json\/wp\/v2\/media?parent=3918"}],"wp:term":[{"taxonomy":"category","embeddable":true,"href":"https:\/\/soaplexikon.de\/cms\/wp-json\/wp\/v2\/categories?post=3918"},{"taxonomy":"post_tag","embeddable":true,"href":"https:\/\/soaplexikon.de\/cms\/wp-json\/wp\/v2\/tags?post=3918"}],"curies":[{"name":"wp","href":"https:\/\/api.w.org\/{rel}","templated":true}]}}