{"id":37820,"date":"2014-10-20T17:00:45","date_gmt":"2014-10-20T15:00:45","guid":{"rendered":"http:\/\/soaplexikon.de\/cms\/?p=37820"},"modified":"2015-01-24T11:40:44","modified_gmt":"2015-01-24T10:40:44","slug":"lindenstrasse-grosses-weihnachts-wiedersehen-mit-iffi-und-timo-zenker","status":"publish","type":"post","link":"https:\/\/soaplexikon.de\/cms\/lindenstrasse-grosses-weihnachts-wiedersehen-mit-iffi-und-timo-zenker\/","title":{"rendered":"Lindenstra\u00dfe: Gro\u00dfes Weihnachts-Wiedersehen mit Iffi und Timo Zenker"},"content":{"rendered":"<table border=\"0\">\n<tbody>\n<tr>\n<td><img loading=\"lazy\" decoding=\"async\" class=\"alignnone\" title=\"Lindenstra\u00dfe\" src=\"http:\/\/www.soaplexikon.de\/image\/listra.jpg\" alt=\"\" width=\"100\" height=\"100\" \/><\/td>\n<td>Gro\u00dfe Freude in der &#8222;Lindenstra\u00dfe&#8220;: Iffi (Rebecca Siemoneit-Barum) und ihr Bruder Timo Zenker (Michael Baral) sind wieder zur\u00fcck! Damit ist die Familie Zenker (fast) wieder vereint.<\/td>\n<\/tr>\n<\/tbody>\n<\/table>\n<p><!--more-->&#8222;Iffi&#8220; hatte sich 2012 verabschiedet und wanderte nach Australien aus; Timo verbrachte mehrere Jahre im Gef\u00e4ngnis. Er kommt nun bei Gabi (Andrea Spatzek) und Andy (Jo Bolling) unter, der gl\u00fccklich ist, seinen Sohn wieder bei sich zu haben. Bei ihrer R\u00fcckkehr sieht \u201eIffi\u201c endlich auch ihre Tochter Antonia (Katharina Witza) wieder und ihre beiden Ex-M\u00e4nner, Klaus Beimer (Moritz A. Sachs), und Momo Sperling (Moritz Zielke). Weihnachten wird spannend!<\/p>\n<p><script src=\"http:\/\/ws-eu.amazon-adsystem.com\/widgets\/q?rt=tf_cw&amp;ServiceVersion=20070822&amp;MarketPlace=DE&amp;ID=V20070822%2FDE%2Fsoaplexikonde-21%2F8010%2F492b0a64-11ee-4af7-8d6c-e02e27a3dd72&amp;Operation=GetScriptTemplate\" charset=\"utf-8\">\/\/ <![CDATA[\n\n\/\/ ]]><\/script><\/p>\n<p><noscript><A HREF=\"http:\/\/ws-eu.amazon-adsystem.com\/widgets\/q?rt=tf_cw&#038;ServiceVersion=20070822&#038;MarketPlace=DE&#038;ID=V20070822%2FDE%2Fsoaplexikonde-21%2F8010%2F492b0a64-11ee-4af7-8d6c-e02e27a3dd72&#038;Operation=NoScript\">Amazon.de Widgets<\/A><\/noscript>Michael Baral, der von Januar bis September 2009 in 35 Folgen (1207-1242) der Erfolgsserie spielte, kehrt damit nach f\u00fcnf Jahren wieder zur\u00fcck. Rebecca Siemoneit-Barum, die als Kind zur &#8222;Lindenstra\u00dfe&#8220; kam und 22 Jahre lang zum festen Ensemble geh\u00f6rte, spielte von Februar 1990 bis M\u00e4rz 2012 (Folgen 220-1370) die &#8222;Iffi&#8220;, die inzwischen schon Gro\u00dfmutter ist. Rebecca Siemoneit-Barum feiert \u00fcbrigens heute, 20. Oktober, ihren 37. Geburtstag.<\/p>\n<p>Zu sehen ist Timo Zenker erstmals wieder in der Folge 1512 am 21. Dezember 2014 und &#8222;Iffi&#8220; in der darauf folgenden Folge, am 28. Dezember 2014, jeweils um 18.50 Uhr im Ersten.<\/p>\n<p>WDR Presse<\/p>\n","protected":false},"excerpt":{"rendered":"<p>Gro\u00dfe Freude in der &#8222;Lindenstra\u00dfe&#8220;: Iffi (Rebecca Siemoneit-Barum) und ihr Bruder Timo Zenker (Michael Baral) sind wieder zur\u00fcck! Damit ist die Familie Zenker (fast) wieder vereint.<\/p>\n","protected":false},"author":4,"featured_media":0,"comment_status":"open","ping_status":"open","sticky":false,"template":"","format":"standard","meta":{"footnotes":""},"categories":[79],"tags":[845],"class_list":["post-37820","post","type-post","status-publish","format-standard","hentry","category-lindenstrasse","tag-rebecca-siemoneit-barum"],"_links":{"self":[{"href":"https:\/\/soaplexikon.de\/cms\/wp-json\/wp\/v2\/posts\/37820","targetHints":{"allow":["GET"]}}],"collection":[{"href":"https:\/\/soaplexikon.de\/cms\/wp-json\/wp\/v2\/posts"}],"about":[{"href":"https:\/\/soaplexikon.de\/cms\/wp-json\/wp\/v2\/types\/post"}],"author":[{"embeddable":true,"href":"https:\/\/soaplexikon.de\/cms\/wp-json\/wp\/v2\/users\/4"}],"replies":[{"embeddable":true,"href":"https:\/\/soaplexikon.de\/cms\/wp-json\/wp\/v2\/comments?post=37820"}],"version-history":[{"count":1,"href":"https:\/\/soaplexikon.de\/cms\/wp-json\/wp\/v2\/posts\/37820\/revisions"}],"predecessor-version":[{"id":37822,"href":"https:\/\/soaplexikon.de\/cms\/wp-json\/wp\/v2\/posts\/37820\/revisions\/37822"}],"wp:attachment":[{"href":"https:\/\/soaplexikon.de\/cms\/wp-json\/wp\/v2\/media?parent=37820"}],"wp:term":[{"taxonomy":"category","embeddable":true,"href":"https:\/\/soaplexikon.de\/cms\/wp-json\/wp\/v2\/categories?post=37820"},{"taxonomy":"post_tag","embeddable":true,"href":"https:\/\/soaplexikon.de\/cms\/wp-json\/wp\/v2\/tags?post=37820"}],"curies":[{"name":"wp","href":"https:\/\/api.w.org\/{rel}","templated":true}]}}