{"id":36711,"date":"2014-08-05T11:00:35","date_gmt":"2014-08-05T09:00:35","guid":{"rendered":"http:\/\/soaplexikon.de\/cms\/?p=36711"},"modified":"2015-01-30T20:48:00","modified_gmt":"2015-01-30T19:48:00","slug":"the-originals-the-vampire-diaries-ab-7-august-als-deutschland-premiere-auf-sixx","status":"publish","type":"post","link":"https:\/\/soaplexikon.de\/cms\/the-originals-the-vampire-diaries-ab-7-august-als-deutschland-premiere-auf-sixx\/","title":{"rendered":"The Originals &#038; The Vampire Diaries: ab 7. August als Deutschland-Premiere auf sixx"},"content":{"rendered":"<table border=\"0\">\n<tbody>\n<tr>\n<td><img loading=\"lazy\" decoding=\"async\" class=\"alignnone\" title=\"The Originals\" src=\"http:\/\/www.soaplexikon.de\/image\/originals.jpg\" alt=\"\" width=\"100\" height=\"100\" \/><\/td>\n<td>Mystery-Zuwachs auf sixx: Nach dem gro\u00dfen Erfolg von &#8222;Vampire Diaries&#8220; mit bis zu 4,5 Prozent Marktanteil bei den 14- bis 49-J\u00e4hrigen und bis zu 9,7 Prozent Marktanteil in der sixx-Relevanz-Zielgruppe der 14- bis 39-J\u00e4hrigen Frauen, baut die Senderin das Genre auf zwei Mystery-Abende in der Woche aus.<\/td>\n<\/tr>\n<\/tbody>\n<\/table>\n<p><!--more-->Ab 7. August 2014 um 20:15 Uhr starten die neuen Folgen der f\u00fcnften Staffel &#8222;Vampire Diaries&#8220; mit Nina Dobrev, Paul Wesley und Ian Somerhalder in den Hauptrollen am &#8222;Misstery-Donnerstag&#8220;. Ab Freitag, 8. August 2014, zeigt sixx das Serien-Spin-Off &#8222;The Originals&#8220; \u00fcber die Urvampir-Geschwister Klaus (Joseph Morgan), Elijah (Daniel Gillies) und Rebekah Mikaelson (Claire Holt) um 20:15 Uhr &#8211; zum Start mit einer Doppelfolge.<\/p>\n<p><script src=\"http:\/\/ws-eu.amazon-adsystem.com\/widgets\/q?rt=tf_cw&amp;ServiceVersion=20070822&amp;MarketPlace=DE&amp;ID=V20070822%2FDE%2Fsoaplexikonde-21%2F8010%2F35063912-255b-4f35-9814-614cdcf719e1&amp;Operation=GetScriptTemplate\" charset=\"utf-8\">\/\/ <![CDATA[\n\n\/\/ ]]><\/script><\/p>\n<p><noscript><A HREF=\"http:\/\/ws-eu.amazon-adsystem.com\/widgets\/q?rt=tf_cw&#038;ServiceVersion=20070822&#038;MarketPlace=DE&#038;ID=V20070822%2FDE%2Fsoaplexikonde-21%2F8010%2F35063912-255b-4f35-9814-614cdcf719e1&#038;Operation=NoScript\">Amazon.de Widgets<\/A><\/noscript>Inhalt &#8222;The Originals&#8220;: Familie ist Macht &#8211; Die Urvampir-Geschwister Klaus, Elijah und Rebekah Mikaelson haben sich vor vielen tausend Jahren geschworen, f\u00fcr immer zusammenzuhalten. Doch Jahrhunderte sp\u00e4ter sind die Bande der Familie gebrochen. Der machthungrige Klaus verl\u00e4sst daraufhin den kleinen Ort Mystic Falls und kehrt in seine Heimatstadt New Orleans zur\u00fcck. Dort regiert Marcel (Charles Michael Davis) die Stadt. Der diabolische Vampir und ehemalige Sch\u00fctzling der Mikaelson-Familie hat seine eigenen Regeln und kontrolliert die Bewohner von New Orleans akribisch genau. Elijah m\u00f6chte die Familie wieder zusammenf\u00fchren und folgt seinem Bruder. Bei seiner Ankunft erf\u00e4hrt er von der stadtbekannten Hexe Sophie Deveraux (Daniella Pineda) ein unglaubliches Geheimnis: Klaus ist der Vater des ungeborenen Kindes von Werw\u00f6lfin Hayley (Phoebe Tonkin) &#8211; ein echter Hybrid zwischen Vampir und Werwolf. Elijah realisiert schnell, dass ihm und seinen Geschwistern damit eine zweite und vielleicht letzte Chance gegeben wird, wieder als Familie stark zu sein. Er \u00fcberzeugt Klaus, dass sein noch ungeborenes Kind der Schl\u00fcssel zur R\u00fcckkehr der Macht der Urvampire sein kann &#8230;<\/p>\n<p>Der Donnerstag ab 7. August 2014 auf sixx im \u00dcberblick:<br \/>\n20:15 Uhr &#8211; Start der neuen Folgen der f\u00fcnften Staffel &#8222;Vampire Diaries&#8220;<br \/>\n21:10 Uhr &#8211; &#8222;Beauty &amp; The Beast&#8220; ( zum ersten Mal auf sixx)<br \/>\n22:05 Uhr &#8211; &#8222;Buffy &#8211; Im Bann der D\u00e4monen&#8220;<\/p>\n<p>Der Freitag ab 8. August 2014 auf sixx im \u00dcberblick:<br \/>\n20:15 Uhr &#8211; Start &#8222;The Originals&#8220; mit einer Doppelfolge<br \/>\n22:05 Uhr &#8211; &#8222;Angel &#8211; J\u00e4ger der Finsternis&#8220;<\/p>\n<p>Die ganze Folge von &#8222;Vampire Diaries&#8220;, &#8222;The Originals&#8220; und &#8222;Beauty &amp; The Beast&#8220; im Anschluss an die Sendung sieben Tage kostenlos online auf sixx.de.<\/p>\n<p>\u00a9 ProSiebenSat1 Kommunikation<\/p>\n","protected":false},"excerpt":{"rendered":"<p>Mystery-Zuwachs auf sixx: Nach dem gro\u00dfen Erfolg von &#8222;Vampire Diaries&#8220; mit bis zu 4,5 Prozent Marktanteil bei den 14- bis 49-J\u00e4hrigen und bis zu 9,7 Prozent Marktanteil in der sixx-Relevanz-Zielgruppe der 14- bis 39-J\u00e4hrigen Frauen, baut die Senderin das Genre auf zwei Mystery-Abende in der Woche aus.<\/p>\n","protected":false},"author":4,"featured_media":0,"comment_status":"open","ping_status":"open","sticky":false,"template":"","format":"standard","meta":{"footnotes":""},"categories":[540,411],"tags":[843,893],"class_list":["post-36711","post","type-post","status-publish","format-standard","hentry","category-the-originals","category-the-vampire-diaries","tag-ian-somerhalder","tag-joseph-morgan"],"_links":{"self":[{"href":"https:\/\/soaplexikon.de\/cms\/wp-json\/wp\/v2\/posts\/36711","targetHints":{"allow":["GET"]}}],"collection":[{"href":"https:\/\/soaplexikon.de\/cms\/wp-json\/wp\/v2\/posts"}],"about":[{"href":"https:\/\/soaplexikon.de\/cms\/wp-json\/wp\/v2\/types\/post"}],"author":[{"embeddable":true,"href":"https:\/\/soaplexikon.de\/cms\/wp-json\/wp\/v2\/users\/4"}],"replies":[{"embeddable":true,"href":"https:\/\/soaplexikon.de\/cms\/wp-json\/wp\/v2\/comments?post=36711"}],"version-history":[{"count":1,"href":"https:\/\/soaplexikon.de\/cms\/wp-json\/wp\/v2\/posts\/36711\/revisions"}],"predecessor-version":[{"id":36712,"href":"https:\/\/soaplexikon.de\/cms\/wp-json\/wp\/v2\/posts\/36711\/revisions\/36712"}],"wp:attachment":[{"href":"https:\/\/soaplexikon.de\/cms\/wp-json\/wp\/v2\/media?parent=36711"}],"wp:term":[{"taxonomy":"category","embeddable":true,"href":"https:\/\/soaplexikon.de\/cms\/wp-json\/wp\/v2\/categories?post=36711"},{"taxonomy":"post_tag","embeddable":true,"href":"https:\/\/soaplexikon.de\/cms\/wp-json\/wp\/v2\/tags?post=36711"}],"curies":[{"name":"wp","href":"https:\/\/api.w.org\/{rel}","templated":true}]}}