{"id":36583,"date":"2014-09-01T00:05:08","date_gmt":"2014-08-31T22:05:08","guid":{"rendered":"http:\/\/soaplexikon.de\/cms\/?p=36583"},"modified":"2015-01-18T23:24:41","modified_gmt":"2015-01-18T22:24:41","slug":"sturm-der-liebe-castingnews-august-2014","status":"publish","type":"post","link":"https:\/\/soaplexikon.de\/cms\/sturm-der-liebe-castingnews-august-2014\/","title":{"rendered":"Sturm der Liebe: Castingnews August 2014 (UPDATED)"},"content":{"rendered":"<table border=\"0\">\n<tbody>\n<tr>\n<td><img loading=\"lazy\" decoding=\"async\" class=\"alignnone\" title=\"Sturm der Liebe\" src=\"http:\/\/www.soaplexikon.de\/image\/sdl.jpg\" alt=\"\" width=\"100\" height=\"100\" \/><\/td>\n<td>Hier findet ihr eine \u00dcbersicht \u00fcber die Ein- und Ausstiege bei der deutschen Telenovela &#8222;Sturm der Liebe&#8220; im August 2014.<\/td>\n<\/tr>\n<\/tbody>\n<\/table>\n<p><!--more-->29. Juli 2014:<br \/>\nIn der Pressemappe zur kommenden &#8222;Sturm der Liebe&#8220;-Staffel, die am 11. September startet, wird <a title=\"Birte Wentzek\" href=\"http:\/\/soaplexikon.de\/cms\/wege-zum-gluck-nina\/\" target=\"_blank\">Birte Wentzek<\/a> (Ex &#8222;Wege zum Gl\u00fcck&#8220;) als &#8222;Penelope &#8218;Poppy&#8216; Schweitzer&#8220; gelistet: &#8222;Natascha wird von ihrer Vergangenheit eingeholt: Ihre unkonventionelle und bisweilen strippende Schwester Poppy kommt nach Bichlheim. Dass Natascha eigentlich einer W\u00fcrstchenbudenfamilie aus dem Hamburger S\u00fcden entspringt, ist nur eins der Geheimnisse, die Poppy zu Nataschas Leidwesen preisgibt&#8230;&#8220; Mehr zu ihrem Einstieg gibt es <a title=\"hier\" href=\"http:\/\/soaplexikon.de\/cms\/sturm-der-liebe-birte-wentzek-steigt-als-penelope-poppy-schweitzer-ein\/\" target=\"_blank\">hier<\/a>.<br \/>\n<a title=\"Sarah Elena Timpe\" href=\"http:\/\/soaplexikon.de\/cms\/sturm-der-liebe-samuel-koch-uebernimmt-gastrolle\/\" target=\"_blank\">Sarah Elena Timpe<\/a> alias &#8222;Sabrina G\u00f6rres&#8220; und <a title=\"Mirjam Heimann\" href=\"http:\/\/soaplexikon.de\/cms\/sturm-der-liebe-gleich-vier-neuzugange-im-juni-2013\/\" target=\"_blank\">Mirjam Heimann<\/a> alias &#8222;Coco Conradi&#8220; fehlen in der Castliste zur n\u00e4chsten Staffel.<\/p>\n<p>31. Juli 2014:<br \/>\nDer SdL-Drehspiegel f\u00fcr August wurde ver\u00f6ffentlich:<br \/>\nSarah Elena Timpe und Joachim L\u00e4tsch fehlen.<br \/>\nMirjam Heimann dreht im August.<br \/>\nBirte Wentzek wird noch nicht gelistet.<br \/>\nVom 2. &#8211; 17. August 2014 ist Produktionspause.<\/p>\n<p>7. August 2014:<br \/>\nSarah Elena Timpe verl\u00e4sst voraussichtlich am 16. September 2014 in Folge 2070 SdL. Sie und ihr Vater verungl\u00fccken auf dem Weg nach Australien. Mehr zu ihrem Ausstieg gibt es <a title=\"hier\" href=\"http:\/\/soaplexikon.de\/cms\/sturm-der-liebe-tragisches-unglueck-sarah-elena-timpe-verlaesst-den-fuerstenhof\/\" target=\"_blank\">hier<\/a>.<br \/>\nJoachim L\u00e4tschs Fehlen im Drehspiegel ist auf eine Pause zur\u00fcckzuf\u00fchren. In der Pressemappe zur kommenden Staffel ist er mit einer Geschichte angek\u00fcndigt.<\/p>\n<p><script src=\"http:\/\/ws-eu.amazon-adsystem.com\/widgets\/q?rt=tf_cw&amp;ServiceVersion=20070822&amp;MarketPlace=DE&amp;ID=V20070822%2FDE%2Fsoaplexikonde-21%2F8010%2F53534f53-7f46-4c79-a71f-69b2c4fba912&amp;Operation=GetScriptTemplate\" charset=\"utf-8\">\/\/ <![CDATA[\n\n\/\/ ]]><\/script><\/p>\n<p><noscript><A HREF=\"http:\/\/ws-eu.amazon-adsystem.com\/widgets\/q?rt=tf_cw&#038;ServiceVersion=20070822&#038;MarketPlace=DE&#038;ID=V20070822%2FDE%2Fsoaplexikonde-21%2F8010%2F53534f53-7f46-4c79-a71f-69b2c4fba912&#038;Operation=NoScript\">Amazon.de Widgets<\/A><\/noscript>26. August 2014:<br \/>\nMatthias Br\u00fcggenolte \u00fcbernimmt ab Folge 2074 (voraussichtlich22. September 2014) die Gastrolle des &#8222;Jo M\u00f6ller&#8220;. Mehr zu seinem Einstieg gibt es <a title=\"hier\" href=\"http:\/\/soaplexikon.de\/cms\/sturm-der-liebe-trauer-und-ablenkung-am-fuerstenhof\/\" target=\"_blank\">hier<\/a>.<\/p>\n","protected":false},"excerpt":{"rendered":"<p>Hier findet ihr eine \u00dcbersicht \u00fcber die Ein- und Ausstiege bei der deutschen Telenovela &#8222;Sturm der Liebe&#8220; im August 2014.<\/p>\n","protected":false},"author":3,"featured_media":0,"comment_status":"open","ping_status":"open","sticky":false,"template":"","format":"standard","meta":{"footnotes":""},"categories":[78],"tags":[696,686,710,730,751],"class_list":["post-36583","post","type-post","status-publish","format-standard","hentry","category-sturm-der-liebe","tag-birte-wentzek","tag-joachim-laetsch","tag-matthias-brueggenolte","tag-mirjam-heimann","tag-sarah-elena-timpe"],"_links":{"self":[{"href":"https:\/\/soaplexikon.de\/cms\/wp-json\/wp\/v2\/posts\/36583","targetHints":{"allow":["GET"]}}],"collection":[{"href":"https:\/\/soaplexikon.de\/cms\/wp-json\/wp\/v2\/posts"}],"about":[{"href":"https:\/\/soaplexikon.de\/cms\/wp-json\/wp\/v2\/types\/post"}],"author":[{"embeddable":true,"href":"https:\/\/soaplexikon.de\/cms\/wp-json\/wp\/v2\/users\/3"}],"replies":[{"embeddable":true,"href":"https:\/\/soaplexikon.de\/cms\/wp-json\/wp\/v2\/comments?post=36583"}],"version-history":[{"count":11,"href":"https:\/\/soaplexikon.de\/cms\/wp-json\/wp\/v2\/posts\/36583\/revisions"}],"predecessor-version":[{"id":36621,"href":"https:\/\/soaplexikon.de\/cms\/wp-json\/wp\/v2\/posts\/36583\/revisions\/36621"}],"wp:attachment":[{"href":"https:\/\/soaplexikon.de\/cms\/wp-json\/wp\/v2\/media?parent=36583"}],"wp:term":[{"taxonomy":"category","embeddable":true,"href":"https:\/\/soaplexikon.de\/cms\/wp-json\/wp\/v2\/categories?post=36583"},{"taxonomy":"post_tag","embeddable":true,"href":"https:\/\/soaplexikon.de\/cms\/wp-json\/wp\/v2\/tags?post=36583"}],"curies":[{"name":"wp","href":"https:\/\/api.w.org\/{rel}","templated":true}]}}