{"id":36248,"date":"2014-07-18T12:30:16","date_gmt":"2014-07-18T10:30:16","guid":{"rendered":"http:\/\/soaplexikon.de\/cms\/?p=36248"},"modified":"2015-02-03T12:58:55","modified_gmt":"2015-02-03T11:58:55","slug":"verbotene-liebe-abschied-mit-einem-glanzvollen-finale","status":"publish","type":"post","link":"https:\/\/soaplexikon.de\/cms\/verbotene-liebe-abschied-mit-einem-glanzvollen-finale\/","title":{"rendered":"Verbotene Liebe: Abschied mit einem glanzvollen Finale"},"content":{"rendered":"<table border=\"0\">\n<tbody>\n<tr>\n<td><img loading=\"lazy\" decoding=\"async\" class=\"alignnone\" title=\"Verbotene Liebe\" src=\"http:\/\/www.soaplexikon.de\/image\/vl_kl.jpg\" alt=\"\" width=\"100\" height=\"100\" \/><\/td>\n<td>Die Fernsehprogrammkonferenz der ARD hat beschlossen, den aktuellen Produktionsvertrag der &#8222;Verbotenen Liebe&#8220; zu beenden. Die letzte Folge des Formates als Daily Soap wird voraussichtlich Anfang 2015 ausgestrahlt.<\/td>\n<\/tr>\n<\/tbody>\n<\/table>\n<p><!--more-->Volker Herres, Programmdirektor Erstes Deutsches Fernsehen: &#8222;Vor 20 Jahren machte das Geschwisterpaar Jan und Julia die &#8218;Verbotene Liebe&#8216; zum deutschen Serienschlager. Wer h\u00e4tte damals ahnen k\u00f6nnen, dass VL, wie die Glamour-Soap bald nur noch genannt wurde, einen so langen Atem hat? Aber irgendwann sind alle Schattierungen des Verbotenen und Glamour\u00f6sen erz\u00e4hlt. Dann gilt es, den richtigen Zeitpunkt zu finden aufzuh\u00f6ren. Und der ist unserer Meinung nach jetzt gekommen. So schmerzlich das f\u00fcr die treuen Fans der Serie auch sein mag. Eines steht aber fest: &#8218;Verbotene Liebe&#8216; hat Fernsehgeschichte geschrieben.&#8220;<\/p>\n<p><script src=\"http:\/\/ws-eu.amazon-adsystem.com\/widgets\/q?ServiceVersion=20070822&amp;MarketPlace=DE&amp;ID=V20070822%2FDE%2Fsoaplexikonde-21%2F8010%2F1ee7df87-04ff-4205-afe2-6ce2686fea98&amp;Operation=GetScriptTemplate\" charset=\"utf-8\">\/\/ <![CDATA[\n\n\/\/ ]]><\/script><\/p>\n<p><noscript><A HREF=\"http:\/\/ws-eu.amazon-adsystem.com\/widgets\/q?ServiceVersion=20070822&#038;MarketPlace=DE&#038;ID=V20070822%2FDE%2Fsoaplexikonde-21%2F8010%2F1ee7df87-04ff-4205-afe2-6ce2686fea98&#038;Operation=NoScript\">Amazon.de Widgets<\/A><\/noscript><\/p>\n<p>Frank Beckmann, ARD-Koordinator Vorabend: &#8222;Mit gro\u00dfem Engagement und beeindruckender Kreativit\u00e4t hat das Team der &#8218;Verbotenen Liebe&#8216; \u00fcber Jahre den Vorabend gepr\u00e4gt. Wir wissen um die St\u00e4rke der Marke und die Bedeutung f\u00fcr ihre treuen Fans. Deshalb \u00fcberlegen wir, ob wir zu einem sp\u00e4teren Zeitpunkt die &#8218;Verbotene Liebe&#8216; in anderer Form anbieten k\u00f6nnen.&#8220;<\/p>\n<p>Die Nachfolge auf dem Sendeplatz um 18.00 Uhr soll das &#8222;Quizduell&#8220; mit J\u00f6rg Pilawa antreten. Das interaktive Format erzielte im Mai w\u00e4hrend einer dreiw\u00f6chigen Testprogrammierung \u00fcberdurchschnittliche Reichweiten.<\/p>\n<p>Seit dem 2. Januar 1995 ist &#8222;Verbotene Liebe&#8220; von Montag bis Freitag im Vorabendprogramm des Ersten zu sehen. Die Daily Soap wird von UFA Serial Drama auf dem Studiogel\u00e4nde K\u00f6ln-Ossendorf produziert.<\/p>\n<p>Im laufenden Jahr erreichte &#8222;Verbotene Liebe&#8220; bis zum 11. Juli durchschnittlich 1,22 Millionen Zuschauer, was einem Marktanteil von 6,8 Prozent entspricht.<\/p>\n<p>\u00a9 Das Erste Presse<\/p>\n","protected":false},"excerpt":{"rendered":"<p>Die Fernsehprogrammkonferenz der ARD hat beschlossen, den aktuellen Produktionsvertrag der &#8222;Verbotenen Liebe&#8220; zu beenden. Die letzte Folge des Formates als Daily Soap wird voraussichtlich Anfang 2015 ausgestrahlt.<\/p>\n","protected":false},"author":4,"featured_media":0,"comment_status":"open","ping_status":"open","sticky":false,"template":"","format":"standard","meta":{"footnotes":""},"categories":[5],"tags":[],"class_list":["post-36248","post","type-post","status-publish","format-standard","hentry","category-verbotene-liebe"],"_links":{"self":[{"href":"https:\/\/soaplexikon.de\/cms\/wp-json\/wp\/v2\/posts\/36248","targetHints":{"allow":["GET"]}}],"collection":[{"href":"https:\/\/soaplexikon.de\/cms\/wp-json\/wp\/v2\/posts"}],"about":[{"href":"https:\/\/soaplexikon.de\/cms\/wp-json\/wp\/v2\/types\/post"}],"author":[{"embeddable":true,"href":"https:\/\/soaplexikon.de\/cms\/wp-json\/wp\/v2\/users\/4"}],"replies":[{"embeddable":true,"href":"https:\/\/soaplexikon.de\/cms\/wp-json\/wp\/v2\/comments?post=36248"}],"version-history":[{"count":1,"href":"https:\/\/soaplexikon.de\/cms\/wp-json\/wp\/v2\/posts\/36248\/revisions"}],"predecessor-version":[{"id":36250,"href":"https:\/\/soaplexikon.de\/cms\/wp-json\/wp\/v2\/posts\/36248\/revisions\/36250"}],"wp:attachment":[{"href":"https:\/\/soaplexikon.de\/cms\/wp-json\/wp\/v2\/media?parent=36248"}],"wp:term":[{"taxonomy":"category","embeddable":true,"href":"https:\/\/soaplexikon.de\/cms\/wp-json\/wp\/v2\/categories?post=36248"},{"taxonomy":"post_tag","embeddable":true,"href":"https:\/\/soaplexikon.de\/cms\/wp-json\/wp\/v2\/tags?post=36248"}],"curies":[{"name":"wp","href":"https:\/\/api.w.org\/{rel}","templated":true}]}}