{"id":3396,"date":"2011-08-24T10:11:57","date_gmt":"2011-08-24T09:11:57","guid":{"rendered":"http:\/\/soaplexikon.de\/cms\/?p=3396"},"modified":"2014-04-15T20:36:17","modified_gmt":"2014-04-15T18:36:17","slug":"unter-uns-erfolgreiches-8-fantreffen","status":"publish","type":"post","link":"https:\/\/soaplexikon.de\/cms\/unter-uns-erfolgreiches-8-fantreffen\/","title":{"rendered":"Unter Uns: Erfolgreiches 8. Fantreffen"},"content":{"rendered":"<table border=\"0\">\n<tbody>\n<tr>\n<td><img loading=\"lazy\" decoding=\"async\" class=\"alignnone\" title=\"Unter Uns\" src=\"http:\/\/www.soaplexikon.de\/image\/uu.jpg\" alt=\"\" width=\"100\" height=\"100\" \/><\/td>\n<td>Ein voller Erfolg war das 8. Fantreffen des offiziellen &#8222;Unter uns&#8220;-Fanclubs, das auch in diesem Jahr traditionell am ersten Drehtag nach der Sommerpause stattfand. Alle 20 Hauptdarsteller der t\u00e4glichen RTL-Erfolgsserie k\u00fcmmerten sich einen Tag um ihre gr\u00f6\u00dften Fans.<\/td>\n<\/tr>\n<\/tbody>\n<\/table>\n<p><!--more-->250 Karten konnten \u00fcber den Fanclub f\u00fcr das Spektakel erworben werden. Eines der Highlights: Ein 20-min\u00fctiger Auftritt der Band &#8222;Wonderwall&#8220;. Ela Paul, kreativer Kopf der 2-M\u00e4dels-Gruppe aus K\u00f6ln, spielt bei &#8222;Unter uns&#8220; eine Hauptrolle als Bine Kern, eine junge Frau, die unter der h\u00e4uslichen Gewalt ihres Verlobten Nils zu leiden hat. Beim Fantreff sangen Wonderwall ihre gr\u00f6\u00dften Hits, von &#8222;Just more&#8220; bis zur aktuellen Single &#8222;Me and the City&#8220;.<\/p>\n<p>Beim B\u00fchnentalk gestand Sarah Bogen, die im Oktober ihr 10-j\u00e4hriges Jubil\u00e4um in der Serie als Lili Mattern feiert: &#8222;Ich bin zwar jetzt schon 21 Jahre alt, gelte aber immer noch als das &#8218;K\u00fcken&#8216; der Produktion.&#8220; Gefragt nach den Highlights der 10 Jahre sagte sie: &#8222;Die lustigsten Sachen fanden immer hinter der Kamera statt, z.B. weil wir uns versprochen haben oder irgend etwas anderes witziges passiert ist und wir alle lachen mussten.&#8220;<\/p>\n<p>Schauspieler Martin Baden erz\u00e4hlte von seinem Engagement f\u00fcr &#8222;Frauen gegen Gewalt e.V.&#8220;, einen Verein, den er tatkr\u00e4ftig unterst\u00fctzt, weil er in der Serie den Mann spielt, der seine Verlobte schl\u00e4gt. Baden: &#8222;Gegen H\u00e4usliche Gewalt wird viel zu wenig getan, das m\u00f6chte ich gerne \u00e4ndern!&#8220; Ebenfalls auf der B\u00fchne: Max Claus, der &#8222;neueste&#8220; Schauspieler im Team, und der sich in der K\u00f6lner &#8222;Schillerallee&#8220; schon so richtig heimisch f\u00fchlt. Er spielt den Lehrer Referendar Erik Hansen.<\/p>\n<p>Patrick M\u00fcller und Joy Abiola-M\u00fcller, das (im Privatleben) frisch verheiratete Paar, bekamen von den Fans eine riesige Hochzeitskarte und ein Geschenk \u00fcberreicht.<\/p>\n<p>Ingesamt 450 Euro f\u00fcr die von Schauspieler Stefan Bockelmann unterst\u00fctzte &#8222;Soonwaldstiftung&#8220; brachte die anschlie\u00dfende Versteigerung von Requisiten und Devotionalien der Serie. Absolutes Highlight in diesem Jahr: Eine Biker-Lederjacke der Rolle &#8222;Rolf J\u00e4ger&#8220;, in der Serie getragen von Stefan Franz, jetzt von Bryan de Vries, einem seiner gr\u00f6\u00dften Fans aus Hamburg. Ersteigert f\u00fcr 230 Euro.<\/p>\n<p>Weitere Highlights: Eine exklusive F\u00fchrung durch die Studios der Serie und eine knapp zweist\u00fcndige Autogrammstunde, bei der sich die Fans mit ihren Stars unterhalten und fotografieren lassen konnten.<\/p>\n<p>\u00a9 RTL Presse<\/p>\n","protected":false},"excerpt":{"rendered":"<p>Ein voller Erfolg war das 8. Fantreffen des offiziellen &#8222;Unter uns&#8220;-Fanclubs, das auch in diesem Jahr traditionell am ersten Drehtag nach der Sommerpause stattfand. Alle 20 Hauptdarsteller der t\u00e4glichen RTL-Erfolgsserie k\u00fcmmerten sich einen Tag um ihre gr\u00f6\u00dften Fans.<\/p>\n","protected":false},"author":4,"featured_media":0,"comment_status":"open","ping_status":"open","sticky":false,"template":"","format":"standard","meta":{"footnotes":""},"categories":[71],"tags":[],"class_list":["post-3396","post","type-post","status-publish","format-standard","hentry","category-unter-uns"],"_links":{"self":[{"href":"https:\/\/soaplexikon.de\/cms\/wp-json\/wp\/v2\/posts\/3396","targetHints":{"allow":["GET"]}}],"collection":[{"href":"https:\/\/soaplexikon.de\/cms\/wp-json\/wp\/v2\/posts"}],"about":[{"href":"https:\/\/soaplexikon.de\/cms\/wp-json\/wp\/v2\/types\/post"}],"author":[{"embeddable":true,"href":"https:\/\/soaplexikon.de\/cms\/wp-json\/wp\/v2\/users\/4"}],"replies":[{"embeddable":true,"href":"https:\/\/soaplexikon.de\/cms\/wp-json\/wp\/v2\/comments?post=3396"}],"version-history":[{"count":10,"href":"https:\/\/soaplexikon.de\/cms\/wp-json\/wp\/v2\/posts\/3396\/revisions"}],"predecessor-version":[{"id":4570,"href":"https:\/\/soaplexikon.de\/cms\/wp-json\/wp\/v2\/posts\/3396\/revisions\/4570"}],"wp:attachment":[{"href":"https:\/\/soaplexikon.de\/cms\/wp-json\/wp\/v2\/media?parent=3396"}],"wp:term":[{"taxonomy":"category","embeddable":true,"href":"https:\/\/soaplexikon.de\/cms\/wp-json\/wp\/v2\/categories?post=3396"},{"taxonomy":"post_tag","embeddable":true,"href":"https:\/\/soaplexikon.de\/cms\/wp-json\/wp\/v2\/tags?post=3396"}],"curies":[{"name":"wp","href":"https:\/\/api.w.org\/{rel}","templated":true}]}}