{"id":32695,"date":"2014-03-26T11:00:42","date_gmt":"2014-03-26T10:00:42","guid":{"rendered":"http:\/\/soaplexikon.de\/cms\/?p=32695"},"modified":"2014-04-21T00:58:02","modified_gmt":"2014-04-20T22:58:02","slug":"interview-mit-vinzenz-kiefer","status":"publish","type":"post","link":"https:\/\/soaplexikon.de\/cms\/interview-mit-vinzenz-kiefer\/","title":{"rendered":"Interview mit Vinzenz Kiefer"},"content":{"rendered":"<table border=\"0\">\n<tbody>\n<tr>\n<td><img loading=\"lazy\" decoding=\"async\" class=\"alignnone\" title=\"Vinzenz Kiefer\" alt=\"\" src=\"http:\/\/www.soaplexikon.de\/image\/cobra-11_vinzenz-kiefer.jpg\" width=\"100\" height=\"100\" \/><\/td>\n<td>Morgen startet &#8222;Alarm f\u00fcr Cobra 11&#8220; in die bereits 24. Staffel! Neu im Team ist der Schauspieler Vinzenz Kiefer. Er wird den neuen Autobahnkommissar &#8222;Alex Brandt&#8220; spielen. Soapfans kennen Kiefer eventuell noch aus &#8222;Mallorca &#8211; Suche nach dem Paradies&#8220; (1999\/2000) und vielleicht noch aus den Gastrollen in &#8222;Unter Uns&#8220; (1997\/1998), &#8222;Die Wache&#8220; (2000) und &#8222;In aller Freundschaft&#8220; (2002).<\/td>\n<\/tr>\n<\/tbody>\n<\/table>\n<p><!--more-->Was ist das f\u00fcr ein Gef\u00fchl, der neue Partner an der Seite von Erdogan Atalay zu sein?<br \/>\nVinzenz Kiefer: \u201eEs ist ein tolles Gef\u00fchl! Ich kenne Erdogan jetzt ja auch schon eine Weile, und ich kann nur sagen, er ist ein super Kollege, ein sehr guter Schauspieler und es macht mir einfach gro\u00dfen Spa\u00df mit ihm in diesem Format meine Arbeit machen zu d\u00fcrfen. Bei der Premiere des letzten Piloten habe ich Mark Keller getroffen. Das war ein merkw\u00fcrdiges Gef\u00fchl, als ich neben ihm stand weil ich wusste, dass er einst der Partner von Semir war und ich realisiert habe, dass ich das jetzt bin. Ich habe mich in dem Moment sehr geehrt gef\u00fchlt.\u201c<\/p>\n<p>Was ist es f\u00fcr ein Gef\u00fchl, im 18. Jahr zur Cobra zu sto\u00dfen?<br \/>\nVinzenz: \u201eIch gratuliere der Cobra zu ihrem achtzehnten Lebensjahr! W\u00e4re sie ein Mensch, dann d\u00fcrfte sie jetzt Auto fahren. Es ist schon beachtlich f\u00fcr ein Format, wenn es so lange erfolgreich l\u00e4uft. Was nicht zuletzt ja auch den treuen Fans zu verdanken ist, die immer einschalten, sich \u00fcber unsere Arbeit freuen und sie damit unterst\u00fctzen! F\u00fcr meine Arbeit macht es allerdings keinen Unterscheid, ob ich im ersten, im zehnten oder im achtzehnten Jahr dazukomme. Ich freue mich sehr, dass ich dabei sein darf, und gebe mein Bestes f\u00fcr die Cobra.\u201c<\/p>\n<p>Sind es gro\u00dfe Fu\u00dfstapfen, in die du trittst?<br \/>\nVinzenz: \u201eAuf jeden Fall. Und ich gebe mir M\u00fche, alles so gut zu machen, wie ich kann. Ich hoffe nat\u00fcrlich, dass es den Zuschauern weiterhin gef\u00e4llt. Ich bin nat\u00fcrlich ein anderer Charakter als meine Vorg\u00e4nger. Aber das liegt in der Natur der Sache. Menschen sind eben unterschiedlich. Deshalb sind sie ja auch so interessant. Ich hoffe sehr, dass die Zuschauer Spa\u00df daran haben, Alex Brandt bei der Arbeit zuzusehen. Und wer wei\u00df, vielleicht schaffen wir es ja sogar, Menschen f\u00fcr die Cobra zu begeistern, die die Serie bis jetzt noch nicht geschaut haben. Das w\u00e4re nat\u00fcrlich sehr sch\u00f6n, und ist auf jeden Fall auch mein Bestreben mit dieser Rolle.\u201c<\/p>\n<p>Sowohl Tom Beck als auch sein Rolle Ben J\u00e4ger sind Frauenschw\u00e4rme. Wie ist das bei Alex? Beschreibe bitte deine Rolle. Was ist Alex f\u00fcr ein Typ?<br \/>\nVinzenz: \u201eOb Alex ein Frauenschwarm ist, kann ich schlecht beurteilen, da m\u00fcssten Sie mal ein paar M\u00e4dels fragen. Es ist immer schwer, zwei Charaktere miteinander zu vergleichen. Jeder hat seine Ecken und Kanten, seine dunklen und sonnigen Seiten. Alex ist ein Typ, der aus vollster \u00dcberzeugung handelt, und f\u00fcr seine Freunde, seine Familie und seine Kollegen, insbesondere f\u00fcr seinen Partner, alles gibt. Alex hat schon einiges ins seinem Leben erlebt, was ihn zum Nachdenken gebracht hat. Er hat zum Beispiel erkennen m\u00fcssen, dass nicht immer alles so ist, wie man es sich w\u00fcnscht. Auch wenn man alles daf\u00fcr gibt. Das hat ihm, unter anderem, zu dem gemacht, was er ist.\u201c<\/p>\n<p>Wie hast du dich auf die Rolle vorbereitet?<br \/>\nVinzenz: \u201eEs gab eine Menge Schie\u00df-, Kampf- und Stunttraining im Vorfeld. Oder eben auch die ein oder andere Fahrstunde der etwas anderen Art. Das hat viel Spa\u00df gemacht, ist aber auch alles wirklich wichtig, damit es beim Dreh so gut wie m\u00f6glich aussieht, und vor allem immer sicher bleibt. Auf die Rolle Alex habe ich mich vorbereitet, indem ich viel in mich reingeh\u00f6rt habe. Ich habe \u00fcberlegt, wie ich mich in bestimmten Situationen verhalten w\u00fcrde. Wie w\u00fcrde ich als Vince in der Situation von Alex reagieren? Das ist zwar schwierig zu sagen, weil ich ein anderes Leben hatte als er, aber f\u00fcr mich ist das eine gute Art, mich der Rolle zu n\u00e4hern. Ich versuche meinen eigenen Charakter mit dem von Alex zu verflechten. So bekomme ich ein gutes Gef\u00fchl f\u00fcr die Rolle.\u201c<\/p>\n<p><script charset=\"utf-8\" type=\"text\/javascript\" src=\"http:\/\/ws-eu.amazon-adsystem.com\/widgets\/q?ServiceVersion=20070822&amp;MarketPlace=DE&amp;ID=V20070822%2FDE%2Fsoaplexikonde-21%2F8010%2Fa7d06f41-2b1b-4ef9-95f4-47a1850bcbc9&amp;Operation=GetScriptTemplate\">\/\/ <![CDATA[\n\n\n\/\/ ]]><\/script><\/p>\n<p><noscript><A HREF=\"http:\/\/ws-eu.amazon-adsystem.com\/widgets\/q?ServiceVersion=20070822&#038;MarketPlace=DE&#038;ID=V20070822%2FDE%2Fsoaplexikonde-21%2F8010%2Fa7d06f41-2b1b-4ef9-95f4-47a1850bcbc9&#038;Operation=NoScript\">Amazon.de Widgets<\/A><\/noscript><\/p>\n<p>Gibt es Parallelen zwischen Alex und Vinzenz?<br \/>\nVinzenz: \u201eParallelen gibt es schon, sonst h\u00e4tte ich auch keine Lust ihn zu spielen Alex ist ein guter Kerl, einer, der wenn du ihn als Freund hast, du einen wirklich guten Freund gefunden hast. Er ist ein ehrlicher, sehr respektvoller Typ. Ein wertvoller Mensch. Und das ist etwas, dass ich sehr erstrebenswert finde, und was ich zumindest versuche zu leben.\u201c<\/p>\n<p>Wie sind die Dreharbeiten bisher verlaufen?<br \/>\nVinzenz: \u201eIch f\u00fchle mich sehr wohl. Es war anfangs so, als ob ich in eine neue Schulklasse gekommen w\u00e4re. Man kommt in ein lange bestehendes, in sich funktionierendes System, und ist der neue Teil in der Gruppe. Da dauert es eben ein bisschen, bis sich das einspielt. Aber es gab ja auch schlie\u00dflich ein Casting f\u00fcr die Rolle. Und da ging es nicht nur um das schauspielerische Talent, oder ob ich auf die Rolle passe, sondern eben auch darum, ob ich in die Produktion passe. Er wurde schon sehr viel Wert darauf gelegt, dass ich eben auch nicht nur mit Erdogan funktioniere, sondern mit dem ganzen Team. Und das ist wiederum auch f\u00fcr mich sehr wichtig. Mir macht es wirklich Spa\u00df, jeden Tag zum Dreh zu kommen, auch wenn es manchmal wirklich viel und auch harte Arbeit ist. Denn es ist echt ein klasse Team bei der Cobra.\u201c<\/p>\n<p>Was ist der Unterschied dazwischen, die Serie im TV zu verfolgen und pl\u00f6tzlich selber zu spielen?<br \/>\nVinzenz: \u201eHaupts\u00e4chlich \u00e4ndert sich die Sichtweise, aber das schon seit Anfang meines Schaffens als Schauspieler. Ich kann gar nicht mehr wie ein purer Konsument fernsehen oder ins Kino gehen. Es kommt zu Beispiel immer h\u00e4ufiger vor, dass ich die Darsteller in den Filmen pers\u00f6nlich kenne. Weil wir entweder befreundet sind, oder schon mal miteinander gearbeitet haben. Dadurch verliere ich auch etwas, das mir wirklich viel Spa\u00df macht, n\u00e4mlich gute Filme v\u00f6llig unvoreingenommen und pur zu gucken. Es wird immer schwieriger, Filme zu schauen, ohne sie mit der Arbeit in Verbindung zu bringen. Ich wei\u00df einfach, wie ein Set aussieht, weil ich schon seit 17 Jahren als Schauspieler arbeite. Trotzdem ist da ein Unterschied wenn ich Cobra schaue. Denn jetzt sehe ich mich \u00fcber die Motorhaube fliegen.\u201c<\/p>\n<p>Was nimmt die Cobra deiner Meinung nach f\u00fcr einen Verlauf? Inwieweit entwickelt sich die Serie in der neuen Staffel weiter, was ver\u00e4ndert sich?<br \/>\nVinzenz: \u201e`Cobra 11` hat sich im Laufe der letzten Jahre extrem ver\u00e4ndert. Man kann die allererste Folge mit dem jetzigen Piloten gar nicht wirklich vergleichen. Eine Serie, die schon so lange besteht wie `Cobra 11` entwickelt sich immer weiter. Ich glaube auch, dass sie nur deshalb schon seit so langer Zeit erfolgreich ist. Es gibt lustige Folgen, actionreiche Folgen, und wenn man sagt, dass es jetzt ernster wird, hei\u00dft das ja nicht, dass es keinen Spa\u00df mehr macht. Das bedeutet nur, dass es zeitgem\u00e4\u00df ist. Wenn man beispielsweise `Miami Vice` schaut, kann man das auch nur mit einem nostalgischen Grinsen machen. Damals waren das coole Typen. Im Vergleich dazu hat der &#8218;Miami Vice&#8216;- Film von 2006 super in die Zeit gepasst und trotzdem dasselbe transportiert wie die Serie damals. Es geht darum, dass die Substanz des Formates eine Best\u00e4ndigkeit hat und das ist bei der Cobra so.\u201c<\/p>\n<p>Wie ist das Verh\u00e4ltnis zu Semir?<br \/>\nVinzenz: \u201eMittlerweile ist das Verh\u00e4ltnis gut. Die letzte Staffel ist ja f\u00fcr Semir leider etwas traurig ausgegangen. Handlungsstr\u00e4nge werden sich weiter ausdehnen \u00fcber Staffeln hinweg. Ein Thema wird nicht in einer Folge abgeschlossen. In der letzten Folge hat sich Andrea endg\u00fcltig von Semir getrennt, und das wird auch noch der Status in den neuen Folgen sein. Hier sp\u00fcrt man die Horizontale der Serie, n\u00e4mlich dass Geschichten weitererz\u00e4hlt werden. Und auch Alex hat sein P\u00e4ckchen zu tragen. Semir und Alex sind beide sehr erfahrene Menschen. Und beide stecken auf ihre Weise irgendwo fest. Sie erkennen sich dadurch und k\u00f6nnen sich deshalb gegenseitig da rausziehen. Das ist etwas, was das Verh\u00e4ltnis der beiden pr\u00e4gt. Die beiden ergeben eine Symbiose, also eine gegenseitige Hilfe bei der Weiterentwicklung. Obwohl es am Anfang nicht danach aussieht, verstehen sie sich doch am Ende ganz gut.\u201c<\/p>\n<p>M\u00f6chtest du den Cobra-Fans etwas mit auf den Weg geben?<br \/>\nVinzenz: \u201eEs geht weiter. Freut euch drauf!\u201c<\/p>\n<p>\u00a9 RTL Kommunikation<\/p>\n","protected":false},"excerpt":{"rendered":"<p>Morgen startet &#8222;Alarm f\u00fcr Cobra 11&#8220; in die bereits 24. Staffel! Neu im Team ist der Schauspieler Vinzenz Kiefer. Er wird den neuen Autobahnkommissar &#8222;Alex Brandt&#8220; spielen. Soapfans kennen Kiefer eventuell noch aus &#8222;Mallorca &#8211; Suche nach dem Paradies&#8220; (1999\/2000) und vielleicht noch aus den Gastrollen in &#8222;Unter Uns&#8220; (1997\/1998), &#8222;Die Wache&#8220; (2000) und &#8222;In [&hellip;]<\/p>\n","protected":false},"author":4,"featured_media":0,"comment_status":"open","ping_status":"open","sticky":false,"template":"","format":"standard","meta":{"footnotes":""},"categories":[572,437,4,71],"tags":[],"class_list":["post-32695","post","type-post","status-publish","format-standard","hentry","category-die-wache","category-in-aller-freundschaft","category-mallorca","category-unter-uns"],"_links":{"self":[{"href":"https:\/\/soaplexikon.de\/cms\/wp-json\/wp\/v2\/posts\/32695","targetHints":{"allow":["GET"]}}],"collection":[{"href":"https:\/\/soaplexikon.de\/cms\/wp-json\/wp\/v2\/posts"}],"about":[{"href":"https:\/\/soaplexikon.de\/cms\/wp-json\/wp\/v2\/types\/post"}],"author":[{"embeddable":true,"href":"https:\/\/soaplexikon.de\/cms\/wp-json\/wp\/v2\/users\/4"}],"replies":[{"embeddable":true,"href":"https:\/\/soaplexikon.de\/cms\/wp-json\/wp\/v2\/comments?post=32695"}],"version-history":[{"count":4,"href":"https:\/\/soaplexikon.de\/cms\/wp-json\/wp\/v2\/posts\/32695\/revisions"}],"predecessor-version":[{"id":32787,"href":"https:\/\/soaplexikon.de\/cms\/wp-json\/wp\/v2\/posts\/32695\/revisions\/32787"}],"wp:attachment":[{"href":"https:\/\/soaplexikon.de\/cms\/wp-json\/wp\/v2\/media?parent=32695"}],"wp:term":[{"taxonomy":"category","embeddable":true,"href":"https:\/\/soaplexikon.de\/cms\/wp-json\/wp\/v2\/categories?post=32695"},{"taxonomy":"post_tag","embeddable":true,"href":"https:\/\/soaplexikon.de\/cms\/wp-json\/wp\/v2\/tags?post=32695"}],"curies":[{"name":"wp","href":"https:\/\/api.w.org\/{rel}","templated":true}]}}