{"id":32299,"date":"2014-04-02T00:20:33","date_gmt":"2014-04-01T22:20:33","guid":{"rendered":"http:\/\/soaplexikon.de\/cms\/?p=32299"},"modified":"2015-02-03T12:58:56","modified_gmt":"2015-02-03T11:58:56","slug":"gute-zeiten-schlechte-zeiten-castingnews-maerz-2014","status":"publish","type":"post","link":"https:\/\/soaplexikon.de\/cms\/gute-zeiten-schlechte-zeiten-castingnews-maerz-2014\/","title":{"rendered":"Gute Zeiten Schlechte Zeiten: Castingnews M\u00e4rz 2014 (UPDATED)"},"content":{"rendered":"<table border=\"0\">\n<tbody>\n<tr>\n<td><img loading=\"lazy\" decoding=\"async\" class=\"alignnone\" title=\"Gute Zeiten Schlechte Zeiten\" alt=\"\" src=\"http:\/\/www.soaplexikon.de\/image\/gzsz_kl.jpg\" width=\"100\" height=\"100\" \/><\/td>\n<td>Hier findet ihr eine \u00dcbersicht \u00fcber die Ein- und Ausstiege beim deutschen Daily Drama &#8222;Gute Zeiten Schlechte Zeiten&#8220; im M\u00e4rz 2014.<\/td>\n<\/tr>\n<\/tbody>\n<\/table>\n<p><!--more-->13. M\u00e4rz 2014:<br \/>\nDaniela Hoffmann (deutsche Synchronstimme von Julia Roberts) \u00fcbernimmt ab dem 14. M\u00e4rz 2014 die Rolle der &#8222;Elvira Kr\u00fcger&#8220;. Die Rolle wurde ab Folge 4508 immer wieder von Claudia Haupt gespielt. Mehr zu Hoffmanns Einstieg gibt es <a title=\"hier\" href=\"http:\/\/soaplexikon.de\/cms\/gute-zeiten-schlechte-zeiten-daniela-hoffmann-steigt-als-elvira-krueger-ein\/\" target=\"_blank\">hier<\/a>.<\/p>\n<p>17. M\u00e4rz 2014:<br \/>\n<a title=\"Rainer Wemcken\" href=\"http:\/\/soaplexikon.de\/cms\/gzsz-awz-unter-uns-rtl-verlaengert-seine-drei-taeglichen-serien-in-weitere-staffeln\/\" target=\"_blank\">Rainer Wemcken<\/a>, CEO bei UFA Serial Drama, hat in einem Statement auf GZSZ.de bekannt gegeben, dass die Rolle &#8222;Ayla H\u00f6fer&#8220;, nach dem Ausstieg von <a title=\"Sila Sahin\" href=\"http:\/\/soaplexikon.de\/cms\/gute-zeiten-schlechte-zeiten-pressemitteilung-zum-ausstieg-von-sila-sahin\/\" target=\"_blank\">Sila Sahin<\/a>, in neuer Besetzung zur\u00fcckkehren wird.<\/p>\n<p><script charset=\"utf-8\" type=\"text\/javascript\" src=\"http:\/\/ws-eu.amazon-adsystem.com\/widgets\/q?rt=tf_cw&amp;ServiceVersion=20070822&amp;MarketPlace=DE&amp;ID=V20070822%2FDE%2Fsoaplexikonde-21%2F8010%2F3349c4ac-0120-46ed-9823-7b3bd03cfdf6&amp;Operation=GetScriptTemplate\">\/\/ <![CDATA[\n\n\n\/\/ ]]><\/script><\/p>\n<p><noscript><A HREF=\"http:\/\/ws-eu.amazon-adsystem.com\/widgets\/q?rt=tf_cw&#038;ServiceVersion=20070822&#038;MarketPlace=DE&#038;ID=V20070822%2FDE%2Fsoaplexikonde-21%2F8010%2F3349c4ac-0120-46ed-9823-7b3bd03cfdf6&#038;Operation=NoScript\">Amazon.de Widgets<\/A><\/noscript>21. M\u00e4rz 2014:<br \/>\nNadine Menz wird am 7. Mai 2014 als neue &#8222;Ayla H\u00f6fer&#8220; bei GZSZ einsteigen. Mehr zu ihrem Einstieg gibt es <a title=\"hier\" href=\"http:\/\/soaplexikon.de\/cms\/gute-zeiten-schlechte-zeiten-nadine-menz-ist-die-neue-ayla\/\" target=\"_blank\">hier<\/a>.<\/p>\n","protected":false},"excerpt":{"rendered":"<p>Hier findet ihr eine \u00dcbersicht \u00fcber die Ein- und Ausstiege beim deutschen Daily Drama &#8222;Gute Zeiten Schlechte Zeiten&#8220; im M\u00e4rz 2014.<\/p>\n","protected":false},"author":2,"featured_media":0,"comment_status":"open","ping_status":"open","sticky":false,"template":"","format":"standard","meta":{"footnotes":""},"categories":[38],"tags":[900,891],"class_list":["post-32299","post","type-post","status-publish","format-standard","hentry","category-gute-zeiten-schlechte-zeiten","tag-nadine-menz","tag-sila-sahin"],"_links":{"self":[{"href":"https:\/\/soaplexikon.de\/cms\/wp-json\/wp\/v2\/posts\/32299","targetHints":{"allow":["GET"]}}],"collection":[{"href":"https:\/\/soaplexikon.de\/cms\/wp-json\/wp\/v2\/posts"}],"about":[{"href":"https:\/\/soaplexikon.de\/cms\/wp-json\/wp\/v2\/types\/post"}],"author":[{"embeddable":true,"href":"https:\/\/soaplexikon.de\/cms\/wp-json\/wp\/v2\/users\/2"}],"replies":[{"embeddable":true,"href":"https:\/\/soaplexikon.de\/cms\/wp-json\/wp\/v2\/comments?post=32299"}],"version-history":[{"count":6,"href":"https:\/\/soaplexikon.de\/cms\/wp-json\/wp\/v2\/posts\/32299\/revisions"}],"predecessor-version":[{"id":33134,"href":"https:\/\/soaplexikon.de\/cms\/wp-json\/wp\/v2\/posts\/32299\/revisions\/33134"}],"wp:attachment":[{"href":"https:\/\/soaplexikon.de\/cms\/wp-json\/wp\/v2\/media?parent=32299"}],"wp:term":[{"taxonomy":"category","embeddable":true,"href":"https:\/\/soaplexikon.de\/cms\/wp-json\/wp\/v2\/categories?post=32299"},{"taxonomy":"post_tag","embeddable":true,"href":"https:\/\/soaplexikon.de\/cms\/wp-json\/wp\/v2\/tags?post=32299"}],"curies":[{"name":"wp","href":"https:\/\/api.w.org\/{rel}","templated":true}]}}