{"id":31566,"date":"2014-02-15T13:00:57","date_gmt":"2014-02-15T12:00:57","guid":{"rendered":"http:\/\/soaplexikon.de\/cms\/?p=31566"},"modified":"2014-04-15T19:06:11","modified_gmt":"2014-04-15T17:06:11","slug":"ein-fall-fuer-die-anrheiner-so-endet-die-koelsche-weekly","status":"publish","type":"post","link":"https:\/\/soaplexikon.de\/cms\/ein-fall-fuer-die-anrheiner-so-endet-die-koelsche-weekly\/","title":{"rendered":"Ein Fall f\u00fcr die Anrheiner: So endet die k\u00f6lsche Weekly"},"content":{"rendered":"<table border=\"0\">\n<tbody>\n<tr>\n<td><img loading=\"lazy\" decoding=\"async\" class=\"alignnone\" title=\"Ein Fall f\u00fcr die Anrheiner\" alt=\"\" src=\"http:\/\/www.soaplexikon.de\/image\/effda.jpg\" width=\"100\" height=\"100\" \/><\/td>\n<td>Am 23. M\u00e4rz 2014 l\u00e4uft nach 612 Folgen der Weekly Soap und 111 Folgen des Krimi-Nachfolgers die letzte Folge der &#8222;Anrheiner&#8220;. Die Serie mit der k\u00f6lschen Seele endet mit einem Happy End und einer R\u00fcckkehr. 17:45 Uhr WDR Fernsehen.<\/td>\n<\/tr>\n<\/tbody>\n<\/table>\n<p><!--more--><script charset=\"utf-8\" type=\"text\/javascript\" src=\"http:\/\/ws-eu.amazon-adsystem.com\/widgets\/q?rt=tf_cw&amp;ServiceVersion=20070822&amp;MarketPlace=DE&amp;ID=V20070822%2FDE%2Fsoaplexikonde-21%2F8010%2F8e045e50-7ec7-4b5c-aa68-27a9bfd28034&amp;Operation=GetScriptTemplate\">\/\/ <![CDATA[\n\n\n\/\/ ]]><\/script><\/p>\n<p><noscript><A HREF=\"http:\/\/ws-eu.amazon-adsystem.com\/widgets\/q?rt=tf_cw&#038;ServiceVersion=20070822&#038;MarketPlace=DE&#038;ID=V20070822%2FDE%2Fsoaplexikonde-21%2F8010%2F8e045e50-7ec7-4b5c-aa68-27a9bfd28034&#038;Operation=NoScript\">Amazon.de Widgets<\/A><\/noscript><\/p>\n<p>111. So lange der Rhein flie\u00dft<br \/>\nIm Veedel l\u00e4uten die Hochzeitsglocken: Elly heiratet ihren Daniel. Doch bis es so weit ist, l\u00e4uft einiges schief. Ellys Hochzeitskleid ger\u00e4t bei einer Verfolgungsjagd in Mitleidenschaft, und Michael bricht sich erst das Bein und findet dann die Trauringe nicht mehr.<br \/>\n\u00dcberraschend taucht Adamski wieder im Veedel auf und k\u00fcndigt an, ganz zu bleiben. Das freut alle &#8211; und ganz besonders Trudi. Auch die Streith\u00e4hne Udo und Horst profitieren davon. Denn ohne Adamskis schlichtende Worte h\u00e4tten sie sich vielleicht nie mehr vers\u00f6hnt.<\/p>\n<p style=\"text-align: center;\"><img loading=\"lazy\" decoding=\"async\" class=\"alignnone\" title=\"Elly (Tanja Szewczenko) und Daniel (Kenneth Huber) heiraten, und das ganze Veedel feiert mit.\" alt=\"\" src=\"http:\/\/www.soaplexikon.de\/image\/effda_111.jpg\" width=\"432\" height=\"287\" \/><\/p>\n<p style=\"text-align: center;\">\u00a9 WDR \/ Melanie Grande<\/p>\n<p>Bei den letzten Folgen f\u00fchrte <a title=\"Andreas Stenschke\" href=\"http:\/\/soaplexikon.de\/cms\/vom-soapdarsteller-zum-regisseur\/\" target=\"_blank\">Andreas Stenschke<\/a> Regie.<br \/>\nDie Dreharbeiten wurden bereits im August 2013 beendet und die Au\u00dfenkulisse wurde bis Ende 2013 komplett abgerissen.<\/p>\n","protected":false},"excerpt":{"rendered":"<p>Am 23. M\u00e4rz 2014 l\u00e4uft nach 612 Folgen der Weekly Soap und 111 Folgen des Krimi-Nachfolgers die letzte Folge der &#8222;Anrheiner&#8220;. Die Serie mit der k\u00f6lschen Seele endet mit einem Happy End und einer R\u00fcckkehr. 17:45 Uhr WDR Fernsehen.<\/p>\n","protected":false},"author":2,"featured_media":0,"comment_status":"open","ping_status":"open","sticky":false,"template":"","format":"standard","meta":{"footnotes":""},"categories":[69],"tags":[],"class_list":["post-31566","post","type-post","status-publish","format-standard","hentry","category-die-anrheiner"],"_links":{"self":[{"href":"https:\/\/soaplexikon.de\/cms\/wp-json\/wp\/v2\/posts\/31566","targetHints":{"allow":["GET"]}}],"collection":[{"href":"https:\/\/soaplexikon.de\/cms\/wp-json\/wp\/v2\/posts"}],"about":[{"href":"https:\/\/soaplexikon.de\/cms\/wp-json\/wp\/v2\/types\/post"}],"author":[{"embeddable":true,"href":"https:\/\/soaplexikon.de\/cms\/wp-json\/wp\/v2\/users\/2"}],"replies":[{"embeddable":true,"href":"https:\/\/soaplexikon.de\/cms\/wp-json\/wp\/v2\/comments?post=31566"}],"version-history":[{"count":7,"href":"https:\/\/soaplexikon.de\/cms\/wp-json\/wp\/v2\/posts\/31566\/revisions"}],"predecessor-version":[{"id":32664,"href":"https:\/\/soaplexikon.de\/cms\/wp-json\/wp\/v2\/posts\/31566\/revisions\/32664"}],"wp:attachment":[{"href":"https:\/\/soaplexikon.de\/cms\/wp-json\/wp\/v2\/media?parent=31566"}],"wp:term":[{"taxonomy":"category","embeddable":true,"href":"https:\/\/soaplexikon.de\/cms\/wp-json\/wp\/v2\/categories?post=31566"},{"taxonomy":"post_tag","embeddable":true,"href":"https:\/\/soaplexikon.de\/cms\/wp-json\/wp\/v2\/tags?post=31566"}],"curies":[{"name":"wp","href":"https:\/\/api.w.org\/{rel}","templated":true}]}}