{"id":31560,"date":"2014-02-14T10:00:34","date_gmt":"2014-02-14T09:00:34","guid":{"rendered":"http:\/\/soaplexikon.de\/cms\/?p=31560"},"modified":"2014-04-21T01:06:29","modified_gmt":"2014-04-20T23:06:29","slug":"the-vampire-diaries-weiter-auf-erfolgskurs-auf-sixx","status":"publish","type":"post","link":"https:\/\/soaplexikon.de\/cms\/the-vampire-diaries-weiter-auf-erfolgskurs-auf-sixx\/","title":{"rendered":"The Vampire Diaries: weiter auf Erfolgskurs auf sixx"},"content":{"rendered":"<table border=\"0\">\n<tbody>\n<tr>\n<td><img loading=\"lazy\" decoding=\"async\" class=\"alignnone\" title=\"The Vampire Diaries\" alt=\"\" src=\"http:\/\/www.soaplexikon.de\/image\/tvd.jpg\" width=\"100\" height=\"100\" \/><\/td>\n<td>Starke Quote f\u00fcr &#8222;Vampire Diaries&#8220; auf sixx: Die zweite Folge der <a title=\"f\u00fcnften Staffel\" href=\"http:\/\/soaplexikon.de\/cms\/the-vampire-diaries-start-der-fuenften-staffel-am-6-februar-2014-als-deutschland-premiere\/\" target=\"_blank\">f\u00fcnften Staffel<\/a> erreichte sehr gute 3,1 Prozent Marktanteil bei den 14- bis 49-J\u00e4hrigen. In der sixx-Relevanz-Zielgruppe der Frauen zwischen 14 und 39 Jahren waren es sogar 5,4 Prozent Marktanteil.<\/td>\n<\/tr>\n<\/tbody>\n<\/table>\n<p><!--more-->sixx erzielte am Donnerstag einen starken Tagesmarktanteil von 1,8 Prozent bei den 14- bis 49-J\u00e4hrigen. In der sixx-Relevanz-Zielgruppe erreichte der Sender mit 3,2 Prozent ebenfalls einen guten Tagesmarktanteil.<\/p>\n<p><SCRIPT charset=\"utf-8\" type=\"text\/javascript\" src=\"http:\/\/ws-eu.amazon-adsystem.com\/widgets\/q?ServiceVersion=20070822&#038;MarketPlace=DE&#038;ID=V20070822%2FDE%2Fsoaplexikonde-21%2F8010%2F35063912-255b-4f35-9814-614cdcf719e1&#038;Operation=GetScriptTemplate\"> <\/SCRIPT> <NOSCRIPT><A HREF=\"http:\/\/ws-eu.amazon-adsystem.com\/widgets\/q?ServiceVersion=20070822&#038;MarketPlace=DE&#038;ID=V20070822%2FDE%2Fsoaplexikonde-21%2F8010%2F35063912-255b-4f35-9814-614cdcf719e1&#038;Operation=NoScript\">Amazon.de Widgets<\/A><\/NOSCRIPT><\/p>\n<p>Basis: Alle Fernsehhaushalte Deutschland (D+EU)<br \/>\nQuelle: AGF in Zusammenarbeit mit GfK \/ TV Scope \/ ProSiebenSat.1 TV Deutschland Audience Research<br \/>\nErstellt: 14.02.2014 (vorl\u00e4ufig gewichtet: 13.02.2014)<\/p>\n<p>\u00a9 ProSiebenSat.1 Presse<\/p>\n","protected":false},"excerpt":{"rendered":"<p>Starke Quote f\u00fcr &#8222;Vampire Diaries&#8220; auf sixx: Die zweite Folge der f\u00fcnften Staffel erreichte sehr gute 3,1 Prozent Marktanteil bei den 14- bis 49-J\u00e4hrigen. In der sixx-Relevanz-Zielgruppe der Frauen zwischen 14 und 39 Jahren waren es sogar 5,4 Prozent Marktanteil.<\/p>\n","protected":false},"author":4,"featured_media":0,"comment_status":"open","ping_status":"open","sticky":false,"template":"","format":"standard","meta":{"footnotes":""},"categories":[411],"tags":[],"class_list":["post-31560","post","type-post","status-publish","format-standard","hentry","category-the-vampire-diaries"],"_links":{"self":[{"href":"https:\/\/soaplexikon.de\/cms\/wp-json\/wp\/v2\/posts\/31560","targetHints":{"allow":["GET"]}}],"collection":[{"href":"https:\/\/soaplexikon.de\/cms\/wp-json\/wp\/v2\/posts"}],"about":[{"href":"https:\/\/soaplexikon.de\/cms\/wp-json\/wp\/v2\/types\/post"}],"author":[{"embeddable":true,"href":"https:\/\/soaplexikon.de\/cms\/wp-json\/wp\/v2\/users\/4"}],"replies":[{"embeddable":true,"href":"https:\/\/soaplexikon.de\/cms\/wp-json\/wp\/v2\/comments?post=31560"}],"version-history":[{"count":4,"href":"https:\/\/soaplexikon.de\/cms\/wp-json\/wp\/v2\/posts\/31560\/revisions"}],"predecessor-version":[{"id":32263,"href":"https:\/\/soaplexikon.de\/cms\/wp-json\/wp\/v2\/posts\/31560\/revisions\/32263"}],"wp:attachment":[{"href":"https:\/\/soaplexikon.de\/cms\/wp-json\/wp\/v2\/media?parent=31560"}],"wp:term":[{"taxonomy":"category","embeddable":true,"href":"https:\/\/soaplexikon.de\/cms\/wp-json\/wp\/v2\/categories?post=31560"},{"taxonomy":"post_tag","embeddable":true,"href":"https:\/\/soaplexikon.de\/cms\/wp-json\/wp\/v2\/tags?post=31560"}],"curies":[{"name":"wp","href":"https:\/\/api.w.org\/{rel}","templated":true}]}}