{"id":30629,"date":"2014-03-01T00:30:43","date_gmt":"2014-02-28T23:30:43","guid":{"rendered":"http:\/\/soaplexikon.de\/cms\/?p=30629"},"modified":"2014-04-15T18:56:13","modified_gmt":"2014-04-15T16:56:13","slug":"in-aller-freundschaft-castingnews-februar-2014","status":"publish","type":"post","link":"https:\/\/soaplexikon.de\/cms\/in-aller-freundschaft-castingnews-februar-2014\/","title":{"rendered":"In aller Freundschaft: Castingnews Februar 2014 (UPDATED)"},"content":{"rendered":"<table border=\"0\">\n<tbody>\n<tr>\n<td><img loading=\"lazy\" decoding=\"async\" class=\"alignnone\" title=\"In aller Freundschaft\" alt=\"\" src=\"http:\/\/www.soaplexikon.de\/image\/iaf.jpg\" width=\"100\" height=\"100\" \/><\/td>\n<td>Hier findet ihr eine \u00dcbersicht \u00fcber die Ein- und Ausstiege bei der Weekly &#8222;In aller Freundschaft&#8220; im Februar 2014.<\/td>\n<\/tr>\n<\/tbody>\n<\/table>\n<p><!--more-->13. Februar 2014:<br \/>\n<a title=\"Cheryl Shepard\" href=\"http:\/\/soaplexikon.de\/cms\/in-aller-freundschaft-francis-fulton-smith-gefahrdet-hochzeit\/\" target=\"_blank\">Cheryl Shepard<\/a> alias &#8222;Dr. Elena Eichhorn&#8220; befindet sich derzeit in einer sechsmonatigen Drehpause. In der Ausstrahlung verabschiedet sie sich am 1. April 2014. Ihre R\u00fcckkehr ist f\u00fcr Herbst angek\u00fcndigt.<\/p>\n<p><script charset=\"utf-8\" type=\"text\/javascript\" src=\"http:\/\/ws-eu.amazon-adsystem.com\/widgets\/q?ServiceVersion=20070822&amp;MarketPlace=DE&amp;ID=V20070822%2FDE%2Fsoaplexikonde-21%2F8010%2F57a59a67-dfbe-4866-b097-08b85f4e1aee&amp;Operation=GetScriptTemplate\">\/\/ <![CDATA[\n\n\n\/\/ ]]><\/script><\/p>\n<p><noscript><A HREF=\"http:\/\/ws-eu.amazon-adsystem.com\/widgets\/q?ServiceVersion=20070822&#038;MarketPlace=DE&#038;ID=V20070822%2FDE%2Fsoaplexikonde-21%2F8010%2F57a59a67-dfbe-4866-b097-08b85f4e1aee&#038;Operation=NoScript\">Amazon.de Widgets<\/A><\/noscript>22. Februar 2014:<br \/>\nWas <a title=\"im Januar\" href=\"http:\/\/soaplexikon.de\/cms\/in-aller-freundschaft-castingnews-januar-2014\/\" target=\"_blank\">im Januar<\/a> noch reine Vermutung war durch die <a title=\"Jahresvorschau\" href=\"http:\/\/soaplexikon.de\/cms\/in-aller-freundschaft-jahresvorschau-2014\/\" target=\"_blank\">Jahresvorschau<\/a>, wurde inzwischen best\u00e4tigt: Maren Gilzer alias &#8222;Schwester Yvonne Habermann&#8220; verl\u00e4sst am 4. M\u00e4rz IaF. Dies hat sie auf ihrer Facebook-Seite best\u00e4tigt.<\/p>\n<div id=\"fb-root\"><\/div>\n<p><script type=\"text\/javascript\">\/\/ <![CDATA[\n(function(d, s, id) { var js, fjs = d.getElementsByTagName(s)[0]; if (d.getElementById(id)) return; js = d.createElement(s); js.id = id; js.src = \"\/\/connect.facebook.net\/de_DE\/all.js#xfbml=1\"; fjs.parentNode.insertBefore(js, fjs); }(document, 'script', 'facebook-jssdk'));\n\/\/ ]]><\/script><\/p>\n<div class=\"fb-post\" data-href=\"https:\/\/www.facebook.com\/photo.php?fbid=595553243873105&amp;set=a.587261684702261.1073741828.577393342355762&amp;type=1\" data-width=\"466\">\n<div class=\"fb-xfbml-parse-ignore\"><a href=\"https:\/\/www.facebook.com\/photo.php?fbid=595553243873105&amp;set=a.587261684702261.1073741828.577393342355762&amp;type=1\">Beitrag<\/a> von <a href=\"https:\/\/www.facebook.com\/marengilzer\">Maren Gilzer<\/a>.<\/div>\n<\/div>\n<p>Laut diverser Medien sollen Dieter Bellmann alias &#8222;Dieter Bellmann&#8220; und Jutta Kammann alias &#8222;Oberschwester Ingrid Rischke&#8220; k\u00fcrzer treten bzw. aussteigen, was sich ebenfalls mit der Jahresvorschau decken w\u00fcrde.<\/p>\n","protected":false},"excerpt":{"rendered":"<p>Hier findet ihr eine \u00dcbersicht \u00fcber die Ein- und Ausstiege bei der Weekly &#8222;In aller Freundschaft&#8220; im Februar 2014.<\/p>\n","protected":false},"author":2,"featured_media":0,"comment_status":"open","ping_status":"open","sticky":false,"template":"","format":"standard","meta":{"footnotes":""},"categories":[437],"tags":[],"class_list":["post-30629","post","type-post","status-publish","format-standard","hentry","category-in-aller-freundschaft"],"_links":{"self":[{"href":"https:\/\/soaplexikon.de\/cms\/wp-json\/wp\/v2\/posts\/30629","targetHints":{"allow":["GET"]}}],"collection":[{"href":"https:\/\/soaplexikon.de\/cms\/wp-json\/wp\/v2\/posts"}],"about":[{"href":"https:\/\/soaplexikon.de\/cms\/wp-json\/wp\/v2\/types\/post"}],"author":[{"embeddable":true,"href":"https:\/\/soaplexikon.de\/cms\/wp-json\/wp\/v2\/users\/2"}],"replies":[{"embeddable":true,"href":"https:\/\/soaplexikon.de\/cms\/wp-json\/wp\/v2\/comments?post=30629"}],"version-history":[{"count":6,"href":"https:\/\/soaplexikon.de\/cms\/wp-json\/wp\/v2\/posts\/30629\/revisions"}],"predecessor-version":[{"id":32294,"href":"https:\/\/soaplexikon.de\/cms\/wp-json\/wp\/v2\/posts\/30629\/revisions\/32294"}],"wp:attachment":[{"href":"https:\/\/soaplexikon.de\/cms\/wp-json\/wp\/v2\/media?parent=30629"}],"wp:term":[{"taxonomy":"category","embeddable":true,"href":"https:\/\/soaplexikon.de\/cms\/wp-json\/wp\/v2\/categories?post=30629"},{"taxonomy":"post_tag","embeddable":true,"href":"https:\/\/soaplexikon.de\/cms\/wp-json\/wp\/v2\/tags?post=30629"}],"curies":[{"name":"wp","href":"https:\/\/api.w.org\/{rel}","templated":true}]}}