{"id":30595,"date":"2014-01-31T17:00:23","date_gmt":"2014-01-31T16:00:23","guid":{"rendered":"http:\/\/soaplexikon.de\/cms\/?p=30595"},"modified":"2015-01-24T11:11:52","modified_gmt":"2015-01-24T10:11:52","slug":"lindenstrasse-produktion-bis-2016-verlaengert-bis-2017-im-tv","status":"publish","type":"post","link":"https:\/\/soaplexikon.de\/cms\/lindenstrasse-produktion-bis-2016-verlaengert-bis-2017-im-tv\/","title":{"rendered":"Lindenstra\u00dfe: Produktion bis 2016 verl\u00e4ngert, bis 2017 im TV"},"content":{"rendered":"<table border=\"0\">\n<tbody>\n<tr>\n<td><img loading=\"lazy\" decoding=\"async\" class=\"alignnone\" title=\"Lindenstra\u00dfe\" alt=\"\" src=\"http:\/\/www.soaplexikon.de\/image\/listra.jpg\" width=\"100\" height=\"100\" \/><\/td>\n<td>Die Programmdirektorinnen und Programmdirektoren der ARD haben sich f\u00fcr eine Verl\u00e4ngerung der &#8222;Lindenstra\u00dfe&#8220; um zwei weitere Jahre ausgesprochen. Die Vertragsverl\u00e4ngerung bis 2016 steht noch unter dem Vorbehalt der Zustimmung der ARD-Gremien.<\/td>\n<\/tr>\n<\/tbody>\n<\/table>\n<p><!--more--><\/p>\n<blockquote class=\"twitter-tweet\" lang=\"de\"><p>Genau genommen wird sie bis min. Ende 2016 produziert, d.h. es wird bis min. Fr\u00fchjahr 2017 was zu gucken geben. Noch mehr als 3 Jahre &#8230;<\/p>\n<p>\u2014 Michael Meisheit (@Meisheit) <a href=\"https:\/\/twitter.com\/Meisheit\/statuses\/429208755356459008\">31. Januar 2014<\/a><\/p><\/blockquote>\n<p><script charset=\"utf-8\" type=\"text\/javascript\" src=\"\/\/platform.twitter.com\/widgets.js\" async=\"\"><\/script>Prof. Gebhard Henke, Leiter des WDR Programmbereichs Fernsehfilm, Kino und Serie: &#8222;Die Zuschauerinnen und Zuschauer k\u00f6nnen sich auf zwei weitere Jahre der Kultserie freuen. Die Fans begleiten den Alltag der Familien dann seit 31 Jahren und erleben ein St\u00fcck Zeitgeschichte.&#8220;<script charset=\"utf-8\" type=\"text\/javascript\" src=\"http:\/\/ws-eu.amazon-adsystem.com\/widgets\/q?rt=tf_cw&amp;ServiceVersion=20070822&amp;MarketPlace=DE&amp;ID=V20070822%2FDE%2Fsoaplexikonde-21%2F8010%2F492b0a64-11ee-4af7-8d6c-e02e27a3dd72&amp;Operation=GetScriptTemplate\">\/\/ <![CDATA[\n\n\n\/\/ ]]><\/script><\/p>\n<p><noscript><A HREF=\"http:\/\/ws-eu.amazon-adsystem.com\/widgets\/q?rt=tf_cw&#038;ServiceVersion=20070822&#038;MarketPlace=DE&#038;ID=V20070822%2FDE%2Fsoaplexikonde-21%2F8010%2F492b0a64-11ee-4af7-8d6c-e02e27a3dd72&#038;Operation=NoScript\">Amazon.de Widgets<\/A><\/noscript>Produzent Hans W. Gei\u00dfend\u00f6rfer sagt zur Vertragsverl\u00e4ngerung: &#8222;Die Freude ist gro\u00df! Der Sender schenkt uns das Vertrauen, und wir d\u00fcrfen weiterhin Geschichten mit den Bewohnern der Lindenstra\u00dfe erz\u00e4hlen. Wir werden alles tun, dass die Lindenstra\u00dfe spannend und aktuell bleibt. Wir freuen uns besonders auf die 1500. Folge im September 2014 sowie nat\u00fcrlich auch auf das 30-j\u00e4hrige Bestehen im Jahre 2015!&#8220;<\/p>\n<p>\u00a9 WDR Presse<\/p>\n","protected":false},"excerpt":{"rendered":"<p>Die Programmdirektorinnen und Programmdirektoren der ARD haben sich f\u00fcr eine Verl\u00e4ngerung der &#8222;Lindenstra\u00dfe&#8220; um zwei weitere Jahre ausgesprochen. Die Vertragsverl\u00e4ngerung bis 2016 steht noch unter dem Vorbehalt der Zustimmung der ARD-Gremien.<\/p>\n","protected":false},"author":4,"featured_media":0,"comment_status":"open","ping_status":"open","sticky":false,"template":"","format":"standard","meta":{"footnotes":""},"categories":[79],"tags":[842],"class_list":["post-30595","post","type-post","status-publish","format-standard","hentry","category-lindenstrasse","tag-hans-w-geissendoerfer"],"_links":{"self":[{"href":"https:\/\/soaplexikon.de\/cms\/wp-json\/wp\/v2\/posts\/30595","targetHints":{"allow":["GET"]}}],"collection":[{"href":"https:\/\/soaplexikon.de\/cms\/wp-json\/wp\/v2\/posts"}],"about":[{"href":"https:\/\/soaplexikon.de\/cms\/wp-json\/wp\/v2\/types\/post"}],"author":[{"embeddable":true,"href":"https:\/\/soaplexikon.de\/cms\/wp-json\/wp\/v2\/users\/4"}],"replies":[{"embeddable":true,"href":"https:\/\/soaplexikon.de\/cms\/wp-json\/wp\/v2\/comments?post=30595"}],"version-history":[{"count":4,"href":"https:\/\/soaplexikon.de\/cms\/wp-json\/wp\/v2\/posts\/30595\/revisions"}],"predecessor-version":[{"id":30599,"href":"https:\/\/soaplexikon.de\/cms\/wp-json\/wp\/v2\/posts\/30595\/revisions\/30599"}],"wp:attachment":[{"href":"https:\/\/soaplexikon.de\/cms\/wp-json\/wp\/v2\/media?parent=30595"}],"wp:term":[{"taxonomy":"category","embeddable":true,"href":"https:\/\/soaplexikon.de\/cms\/wp-json\/wp\/v2\/categories?post=30595"},{"taxonomy":"post_tag","embeddable":true,"href":"https:\/\/soaplexikon.de\/cms\/wp-json\/wp\/v2\/tags?post=30595"}],"curies":[{"name":"wp","href":"https:\/\/api.w.org\/{rel}","templated":true}]}}