{"id":30092,"date":"2014-02-01T00:45:54","date_gmt":"2014-01-31T23:45:54","guid":{"rendered":"http:\/\/soaplexikon.de\/cms\/?p=30092"},"modified":"2014-04-21T01:55:28","modified_gmt":"2014-04-20T23:55:28","slug":"lindenstrasse-castingnews-januar-2014","status":"publish","type":"post","link":"https:\/\/soaplexikon.de\/cms\/lindenstrasse-castingnews-januar-2014\/","title":{"rendered":"Lindenstra\u00dfe: Castingnews Januar 2014 (UPDATED)"},"content":{"rendered":"<table border=\"0\">\n<tbody>\n<tr>\n<td><img loading=\"lazy\" decoding=\"async\" class=\"alignnone\" title=\"Lindenstra\u00dfe\" alt=\"\" src=\"http:\/\/www.soaplexikon.de\/image\/listra.jpg\" width=\"100\" height=\"100\" \/><\/td>\n<td>Hier findet ihr eine \u00dcbersicht \u00fcber die Ein- und Ausstiege bei der Weekly &#8222;Lindenstra\u00dfe&#8220; im Januar 2014.<\/td>\n<\/tr>\n<\/tbody>\n<\/table>\n<p><!--more-->21. Januar 2014:<br \/>\nWilli Herren kehrt in Folge 1472 am 16. M\u00e4rz 2014 als &#8222;Olli Klatt&#8220; in die Lindenstra\u00dfe zur\u00fcck. Mehr zu seiner Geschichte gibt es <a title=\"hier\" href=\"http:\/\/soaplexikon.de\/cms\/lindenstrasse-jahresvorschau-2014\/\" target=\"_blank\">hier<\/a>.<\/p>\n<p><script charset=\"utf-8\" type=\"text\/javascript\" src=\"http:\/\/ws-eu.amazon-adsystem.com\/widgets\/q?rt=tf_cw&amp;ServiceVersion=20070822&amp;MarketPlace=DE&amp;ID=V20070822%2FDE%2Fsoaplexikonde-21%2F8010%2F492b0a64-11ee-4af7-8d6c-e02e27a3dd72&amp;Operation=GetScriptTemplate\">\/\/ <![CDATA[\n\n\/\/ ]]><\/script><\/p>\n<p><noscript><A HREF=\"http:\/\/ws-eu.amazon-adsystem.com\/widgets\/q?rt=tf_cw&#038;ServiceVersion=20070822&#038;MarketPlace=DE&#038;ID=V20070822%2FDE%2Fsoaplexikonde-21%2F8010%2F492b0a64-11ee-4af7-8d6c-e02e27a3dd72&#038;Operation=NoScript\">Amazon.de Widgets<\/A><\/noscript>27. Januar 2014:<br \/>\n<a title=\"Vor einigen Monaten\" href=\"http:\/\/soaplexikon.de\/cms\/castingnews-deutsche-weeklys-november-2013\/\" target=\"_blank\">Vor einigen Monaten<\/a> wurde es bereits thematisiert: <a title=\"Martin Armknecht\" href=\"http:\/\/soaplexikon.de\/cms\/verbotene-liebe-ein-mann-mit-stil-und-laster\/\" target=\"_blank\">Martin Armknecht<\/a> kehrt im Mai 2014 als B\u00f6sewicht &#8222;Robert Engel&#8220; vor die Kamera der Lindenstra\u00dfe zur\u00fcck. Im Ersten wird er dann ab September 2014 zu sehen sein. Mehr zu seiner Geschichte gibt es <a title=\"hier\" href=\"http:\/\/soaplexikon.de\/cms\/lindenstrasse-jahresvorschau-2014\/\" target=\"_blank\">hier<\/a>.<\/p>\n","protected":false},"excerpt":{"rendered":"<p>Hier findet ihr eine \u00dcbersicht \u00fcber die Ein- und Ausstiege bei der Weekly &#8222;Lindenstra\u00dfe&#8220; im Januar 2014.<\/p>\n","protected":false},"author":2,"featured_media":0,"comment_status":"open","ping_status":"open","sticky":false,"template":"","format":"standard","meta":{"footnotes":""},"categories":[79],"tags":[],"class_list":["post-30092","post","type-post","status-publish","format-standard","hentry","category-lindenstrasse"],"_links":{"self":[{"href":"https:\/\/soaplexikon.de\/cms\/wp-json\/wp\/v2\/posts\/30092","targetHints":{"allow":["GET"]}}],"collection":[{"href":"https:\/\/soaplexikon.de\/cms\/wp-json\/wp\/v2\/posts"}],"about":[{"href":"https:\/\/soaplexikon.de\/cms\/wp-json\/wp\/v2\/types\/post"}],"author":[{"embeddable":true,"href":"https:\/\/soaplexikon.de\/cms\/wp-json\/wp\/v2\/users\/2"}],"replies":[{"embeddable":true,"href":"https:\/\/soaplexikon.de\/cms\/wp-json\/wp\/v2\/comments?post=30092"}],"version-history":[{"count":9,"href":"https:\/\/soaplexikon.de\/cms\/wp-json\/wp\/v2\/posts\/30092\/revisions"}],"predecessor-version":[{"id":30619,"href":"https:\/\/soaplexikon.de\/cms\/wp-json\/wp\/v2\/posts\/30092\/revisions\/30619"}],"wp:attachment":[{"href":"https:\/\/soaplexikon.de\/cms\/wp-json\/wp\/v2\/media?parent=30092"}],"wp:term":[{"taxonomy":"category","embeddable":true,"href":"https:\/\/soaplexikon.de\/cms\/wp-json\/wp\/v2\/categories?post=30092"},{"taxonomy":"post_tag","embeddable":true,"href":"https:\/\/soaplexikon.de\/cms\/wp-json\/wp\/v2\/tags?post=30092"}],"curies":[{"name":"wp","href":"https:\/\/api.w.org\/{rel}","templated":true}]}}