{"id":29937,"date":"2013-12-20T15:00:15","date_gmt":"2013-12-20T14:00:15","guid":{"rendered":"http:\/\/soaplexikon.de\/cms\/?p=29937"},"modified":"2014-04-20T11:23:21","modified_gmt":"2014-04-20T09:23:21","slug":"telemundo-camelia-la-texana-produktionsstart","status":"publish","type":"post","link":"https:\/\/soaplexikon.de\/cms\/telemundo-camelia-la-texana-produktionsstart\/","title":{"rendered":"Telemundo: Camelia, la Texana &#8211; Produktionsstart (UPDATED)"},"content":{"rendered":"<table border=\"0\">\n<tbody>\n<tr>\n<td><img loading=\"lazy\" decoding=\"async\" class=\"alignnone\" title=\"Telemundo\" alt=\"\" src=\"http:\/\/www.soaplexikon.de\/image\/telemundo.jpg\" width=\"100\" height=\"100\" \/><\/td>\n<td>Wie Telemundo bekannt gibt, hat die Produktion der neuen Telenovela &#8222;Camelia, la Tejana&#8220; (Texas for Camelia) begonnen. Im Gegensatz zu den anderen kommenden Telemundo-Novelas wird diese von Campanario Entertainment und Argos Television produziert.<\/td>\n<\/tr>\n<\/tbody>\n<\/table>\n<p><!--more-->&#8222;Camelia, la Tejana&#8220; erz\u00e4hlt die Geschichte einer naiven Frau, deren kriminelles Leben durch Leidenschaft, Verrat und Rache angetrieben wird. Die Serie, die in den 70er Jahren spielt, wurde vom Song &#8222;Contrabando y Traici\u00f3n&#8220; der mexikanischen Band &#8222;Los Tigres del Norte&#8220; inspiriert. Angesiedelt ist sie in Mexiko, Los Angeles, Kalifornien und San Antonio.<\/p>\n<p>Sara Maldonado \u00fcbernimmt die Titelrolle &#8222;Camelia&#8220;, ihren Serienliebhaber &#8222;Emilio Varela&#8220; verk\u00f6rpert Erik Hayser.<\/p>\n<p>Produktion einen Cast mit 97 Schauspielern und ein 200-k\u00f6pfiges Team. Zum cast geh\u00f6ren u.a. Dagoberto Gama, Andr\u00e9s Palacios, Er\u00e9ndira Ibarra, Luis Ernesto Franco, Joaqu\u00edn Garrido, Tamara Mazarrasa, Julio Alberto Casado, Peter Theis, Estefan\u00eda Villarreal, Ana Paula de Le\u00f3n, V\u00edctor Alfredo J\u00edmenez, I\u00f1aki Goci, N\u00e9stor Rodulfo Rojas, Claudia Lizaldi, Arcelia Ramirez, Claudette Maill\u00e9, Salvador Benavides, Mario Beller, Ram\u00f3n Valdes, Patricia Garcia, Mayte Gil, Sergio Arras, Alvaro Sagone, Briggitte Beltran, David Medel, Miguel &#8222;Burra&#8220; P\u00e9rez, Rodrigo Oviendo, Carlos Gallardo, Mauricio Pastrana, Carlos Hernan Romo, Cesar Valdivia, Quetzalli Cort\u00e9s, Cosmo Gonzalez, Salvador Benavides, Oscar Zamanillo, Roger Cudney, Julio Casado, Arcelia Ramirez, Jaime Estrada, Carlos Tavera, Enrique Anaya, Claudio Guevara, Hector Hugo de la Pe\u00f1a, Sergio Reynoso, Agusto Granados, Gabriel Hernan, Anilu Pardo, Mauricio Gal\u00e1n, Arnulfo Reyes, Javier Escobar, Ricardo Rojas, Barbara Singer, Luis Fernando Padilla, Eric Ramirez, Gabriel Cisneros, David Ponce, Oscar Olivares, EduardoGleason und Isi Rojano.<\/p>\n","protected":false},"excerpt":{"rendered":"<p>Wie Telemundo bekannt gibt, hat die Produktion der neuen Telenovela &#8222;Camelia, la Tejana&#8220; (Texas for Camelia) begonnen. Im Gegensatz zu den anderen kommenden Telemundo-Novelas wird diese von Campanario Entertainment und Argos Television produziert.<\/p>\n","protected":false},"author":2,"featured_media":0,"comment_status":"open","ping_status":"open","sticky":false,"template":"","format":"standard","meta":{"footnotes":""},"categories":[564],"tags":[],"class_list":["post-29937","post","type-post","status-publish","format-standard","hentry","category-telemundo-telenovelas"],"_links":{"self":[{"href":"https:\/\/soaplexikon.de\/cms\/wp-json\/wp\/v2\/posts\/29937","targetHints":{"allow":["GET"]}}],"collection":[{"href":"https:\/\/soaplexikon.de\/cms\/wp-json\/wp\/v2\/posts"}],"about":[{"href":"https:\/\/soaplexikon.de\/cms\/wp-json\/wp\/v2\/types\/post"}],"author":[{"embeddable":true,"href":"https:\/\/soaplexikon.de\/cms\/wp-json\/wp\/v2\/users\/2"}],"replies":[{"embeddable":true,"href":"https:\/\/soaplexikon.de\/cms\/wp-json\/wp\/v2\/comments?post=29937"}],"version-history":[{"count":9,"href":"https:\/\/soaplexikon.de\/cms\/wp-json\/wp\/v2\/posts\/29937\/revisions"}],"predecessor-version":[{"id":29941,"href":"https:\/\/soaplexikon.de\/cms\/wp-json\/wp\/v2\/posts\/29937\/revisions\/29941"}],"wp:attachment":[{"href":"https:\/\/soaplexikon.de\/cms\/wp-json\/wp\/v2\/media?parent=29937"}],"wp:term":[{"taxonomy":"category","embeddable":true,"href":"https:\/\/soaplexikon.de\/cms\/wp-json\/wp\/v2\/categories?post=29937"},{"taxonomy":"post_tag","embeddable":true,"href":"https:\/\/soaplexikon.de\/cms\/wp-json\/wp\/v2\/tags?post=29937"}],"curies":[{"name":"wp","href":"https:\/\/api.w.org\/{rel}","templated":true}]}}