{"id":29738,"date":"2013-12-03T10:00:30","date_gmt":"2013-12-03T09:00:30","guid":{"rendered":"http:\/\/soaplexikon.de\/cms\/?p=29738"},"modified":"2014-05-27T16:21:22","modified_gmt":"2014-05-27T14:21:22","slug":"telemundo-el-senor-de-los-cielos-zweite-staffel-bestellt","status":"publish","type":"post","link":"https:\/\/soaplexikon.de\/cms\/telemundo-el-senor-de-los-cielos-zweite-staffel-bestellt\/","title":{"rendered":"Telemundo: El Se\u00f1or de los Cielos &#8211; zweite Staffel bestellt"},"content":{"rendered":"<table border=\"0\">\n<tbody>\n<tr>\n<td><img loading=\"lazy\" decoding=\"async\" class=\"alignnone\" title=\"El Se\u00f1or de los Cielos\" alt=\"\" src=\"http:\/\/www.soaplexikon.de\/image\/esdlc.jpg\" width=\"100\" height=\"100\" \/><\/td>\n<td>Gestern begannen in Mexico City die Dreharbeiten zur zweiten Staffel der erfolgreichen Telenovela &#8222;El Se\u00f1or de los Cielos&#8220; (Englisch: &#8222;Lord of the Skies&#8220;), die Anfang des Jahres bei Telemundo lief.<\/td>\n<\/tr>\n<\/tbody>\n<\/table>\n<p><!--more-->Zum ersten Mal in der Geschichte von Telemundo, geht eine Original-Serie in eine zweite Staffel. Geplant sind die neuen Folgen f\u00fcr Fr\u00fchjahr 2014, vermutlich erneut auf dem 10pm\/9c-Sendeplatz. Au\u00dferdem wird Telemundo.com die Telenovela mit exklusiven Inhalten begleiten.<\/p>\n<p>Im Zentrum der\u00a0Geschichte, die gespickt ist mit Action, ungez\u00fcgelter Leidenschaften, Luxus, Elend und endlosen Intrigen, steht der mexikanische Drogenbaron Aurelio Casillas, von dem vermutet wird, dass er tot ist.<\/p>\n<p>Der Plot basiert, wie bereits die Vorg\u00e4nger-Serie &#8222;<a title=\"Pablo Escobar: El Patr\u00f3n del Mal\" href=\"http:\/\/soaplexikon.de\/cms\/telemundo-pablo-escobar-el-patron-del-mal\/\" target=\"_blank\">Pablo Escobar: El Patr\u00f3n del Mal<\/a>&#8222;, auf der Geschichte des Drogenbarons Amado Carrillo Fuentes, der sich einen Namen als &#8222;Der Herr der L\u00fcfte&#8220; machte. Er soll die Drogen in eigenen Boeings 727 transportiert haben.<\/p>\n<p>Die Hauptrolle &#8222;Aurelio Casillas&#8220; spielt Rafael Amaya. Weitere Rollen spielen Ximena Herrera, Carmen Villalobos, Ra\u00fal M\u00e9ndez, Fernanda Castillo, Manuela Gonz\u00e1lez und Robinson D\u00edaz. Mauricio Ochmann und Marlene Favela schl\u00fcpfen in gr\u00f6\u00dfere Gastrollen.<\/p>\n<p>Videos zu &#8222;El Se\u00f1or de los Cielos&#8220; gibt es <a title=\"hier\" href=\"http:\/\/soaplexikon.de\/cms\/?s=El+Se%C3%B1or+de+los+Cielos\" target=\"_blank\">hier<\/a>.<\/p>\n","protected":false},"excerpt":{"rendered":"<p>Gestern begannen in Mexico City die Dreharbeiten zur zweiten Staffel der erfolgreichen Telenovela &#8222;El Se\u00f1or de los Cielos&#8220; (Englisch: &#8222;Lord of the Skies&#8220;), die Anfang des Jahres bei Telemundo lief.<\/p>\n","protected":false},"author":2,"featured_media":0,"comment_status":"open","ping_status":"open","sticky":false,"template":"","format":"standard","meta":{"footnotes":""},"categories":[596,564],"tags":[],"class_list":["post-29738","post","type-post","status-publish","format-standard","hentry","category-el-senor-de-los-cielos","category-telemundo-telenovelas"],"_links":{"self":[{"href":"https:\/\/soaplexikon.de\/cms\/wp-json\/wp\/v2\/posts\/29738","targetHints":{"allow":["GET"]}}],"collection":[{"href":"https:\/\/soaplexikon.de\/cms\/wp-json\/wp\/v2\/posts"}],"about":[{"href":"https:\/\/soaplexikon.de\/cms\/wp-json\/wp\/v2\/types\/post"}],"author":[{"embeddable":true,"href":"https:\/\/soaplexikon.de\/cms\/wp-json\/wp\/v2\/users\/2"}],"replies":[{"embeddable":true,"href":"https:\/\/soaplexikon.de\/cms\/wp-json\/wp\/v2\/comments?post=29738"}],"version-history":[{"count":4,"href":"https:\/\/soaplexikon.de\/cms\/wp-json\/wp\/v2\/posts\/29738\/revisions"}],"predecessor-version":[{"id":31409,"href":"https:\/\/soaplexikon.de\/cms\/wp-json\/wp\/v2\/posts\/29738\/revisions\/31409"}],"wp:attachment":[{"href":"https:\/\/soaplexikon.de\/cms\/wp-json\/wp\/v2\/media?parent=29738"}],"wp:term":[{"taxonomy":"category","embeddable":true,"href":"https:\/\/soaplexikon.de\/cms\/wp-json\/wp\/v2\/categories?post=29738"},{"taxonomy":"post_tag","embeddable":true,"href":"https:\/\/soaplexikon.de\/cms\/wp-json\/wp\/v2\/tags?post=29738"}],"curies":[{"name":"wp","href":"https:\/\/api.w.org\/{rel}","templated":true}]}}