{"id":29677,"date":"2013-11-28T14:00:53","date_gmt":"2013-11-28T13:00:53","guid":{"rendered":"http:\/\/soaplexikon.de\/cms\/?p=29677"},"modified":"2014-04-15T19:32:06","modified_gmt":"2014-04-15T17:32:06","slug":"auto-mobil-andreas-jancke-uebernimmt-moderation-ab-12-januar-2014","status":"publish","type":"post","link":"https:\/\/soaplexikon.de\/cms\/auto-mobil-andreas-jancke-uebernimmt-moderation-ab-12-januar-2014\/","title":{"rendered":"auto mobil: Andreas Jancke \u00fcbernimmt Moderation ab 12. Januar 2014"},"content":{"rendered":"<table border=\"0\">\n<tbody>\n<tr>\n<td><img loading=\"lazy\" decoding=\"async\" class=\"alignnone\" title=\"Andreas Jancke\" alt=\"\" src=\"http:\/\/www.soaplexikon.de\/image\/wg_andreas-jancke_2013.jpg\" width=\"100\" height=\"100\" \/><\/td>\n<td>Das VOX Automagazin ist seit 1995 fester Bestandteil des Programms. Mit einem neuen Team und einer unverwechselbaren, festen Location rast Deutschlands erfolgreichstes Automagazin nun ins neue Jahr: Ab dem 12. Januar pr\u00e4sentiert Moderator Andreas Jancke jeden Sonntag um 17:00 Uhr in &#8222;auto mobil&#8220; bei VOX relevante und aktuelle Themen rund um Auto und Mobilit\u00e4t.<\/td>\n<\/tr>\n<\/tbody>\n<\/table>\n<p><!--more-->Andreas Jancke, der bereits seit Mai 2013 als Reporter in der &#8222;auto mobil&#8220;-Rubrik &#8222;Der Gebrauchtwagencheck&#8220; im Einsatz ist, freut sich auf seine neue Aufgabe: &#8222;In einer so etablierten Sendung wie &#8218;auto mobil&#8216; als Moderator zu arbeiten ist eine echte Herausforderung. Eine, der ich mich sehr gerne stelle. Wir wollen den Zuschauern Spa\u00df und Lust am Auto vermitteln.&#8220; Auch &#8222;auto mobil&#8220;-Redaktionsleiter Volker Groth ist \u00fcberzeugt: &#8222;Andreas Jancke liebt Autos. Mit seiner Neugierde und seinem technischen Grundverst\u00e4ndnis wird er den VOX-Zuschauern die &#8218;auto mobil&#8216;-Themen n\u00e4her bringen und dabei von den Experten ideal erg\u00e4nzt.&#8220;<\/p>\n<p>Der 35-j\u00e4hrige Moderator begr\u00fc\u00dft die VOX-Zuschauer aus dem neuen &#8222;auto mobil\u201c&#8220;-Hauptquartier, der &#8222;Classic Remise&#8220; in D\u00fcsseldorf &#8211; in diesem Industrie-Loft mit Werkstatt-Atmosph\u00e4re f\u00fchlt sich jeder Autofan wohl. &#8222;Wir freuen uns &#8218;auto mobil&#8216; 2014 mit einem neuen Moderatoren- und Expertenteam und erstmals in einer festen Kulisse pr\u00e4sentieren zu k\u00f6nnen&#8220;, fasst Volker Groth zusammen.<\/p>\n<p>Unterst\u00fctzung erh\u00e4lt Andreas Jancke von einem kompetenten Expertenteam, zu dem auch Lance D. Arnold geh\u00f6rt, best\u00e4tigt Groth: &#8222;Mit ihm als &#8218;auto mobil&#8216;-Rennfahrer haben wir f\u00fcr unser Auto-Magazin einen absoluten Profi am Lenkrad im Team. Mit seinem fahrerischen K\u00f6nnen bringt er jedes Auto an dessen Geschwindigkeitslimit und kann uns bei den Tests hervorragend unterst\u00fctzen.&#8220; Testchef Albert K\u00f6nigshausen komplettiert das Team und liefert neueste Erkenntnisse zu Motortechnik und Fahrberichten. &#8222;F\u00fcr die Zuschauer bedeutet das: Noch mehr Fachwissen zu relevanten und aktuellen Themen und noch intensivere Tests&#8220;, verr\u00e4t Volker Groth. &#8222;So ist &#8218;auto mobil&#8216; auch 2014 ein Muss f\u00fcr jeden Auto-Liebhaber.&#8220; Denn weiterhin hat die Vielfalt der Themen, vor allem aus dem Alltag der VOX-Zuschauer, und der Servicecharakter von &#8222;auto mobil&#8220; h\u00f6chste Priorit\u00e4t.<\/p>\n<p>Seinen ersten Einsatz hat das neue &#8222;auto mobil&#8220;-Team um Moderator Andreas Jancke am Sonntag, den 12. Januar 2014, um 17:00 Uhr bei VOX.<\/p>\n<p>\u00a9 VOX Kommunikation<\/p>\n","protected":false},"excerpt":{"rendered":"<p>Das VOX Automagazin ist seit 1995 fester Bestandteil des Programms. Mit einem neuen Team und einer unverwechselbaren, festen Location rast Deutschlands erfolgreichstes Automagazin nun ins neue Jahr: Ab dem 12. Januar pr\u00e4sentiert Moderator Andreas Jancke jeden Sonntag um 17:00 Uhr in &#8222;auto mobil&#8220; bei VOX relevante und aktuelle Themen rund um Auto und Mobilit\u00e4t.<\/p>\n","protected":false},"author":4,"featured_media":0,"comment_status":"open","ping_status":"open","sticky":false,"template":"","format":"standard","meta":{"footnotes":""},"categories":[9,5],"tags":[],"class_list":["post-29677","post","type-post","status-publish","format-standard","hentry","category-hand-aufs-herz","category-verbotene-liebe"],"_links":{"self":[{"href":"https:\/\/soaplexikon.de\/cms\/wp-json\/wp\/v2\/posts\/29677","targetHints":{"allow":["GET"]}}],"collection":[{"href":"https:\/\/soaplexikon.de\/cms\/wp-json\/wp\/v2\/posts"}],"about":[{"href":"https:\/\/soaplexikon.de\/cms\/wp-json\/wp\/v2\/types\/post"}],"author":[{"embeddable":true,"href":"https:\/\/soaplexikon.de\/cms\/wp-json\/wp\/v2\/users\/4"}],"replies":[{"embeddable":true,"href":"https:\/\/soaplexikon.de\/cms\/wp-json\/wp\/v2\/comments?post=29677"}],"version-history":[{"count":1,"href":"https:\/\/soaplexikon.de\/cms\/wp-json\/wp\/v2\/posts\/29677\/revisions"}],"predecessor-version":[{"id":29678,"href":"https:\/\/soaplexikon.de\/cms\/wp-json\/wp\/v2\/posts\/29677\/revisions\/29678"}],"wp:attachment":[{"href":"https:\/\/soaplexikon.de\/cms\/wp-json\/wp\/v2\/media?parent=29677"}],"wp:term":[{"taxonomy":"category","embeddable":true,"href":"https:\/\/soaplexikon.de\/cms\/wp-json\/wp\/v2\/categories?post=29677"},{"taxonomy":"post_tag","embeddable":true,"href":"https:\/\/soaplexikon.de\/cms\/wp-json\/wp\/v2\/tags?post=29677"}],"curies":[{"name":"wp","href":"https:\/\/api.w.org\/{rel}","templated":true}]}}