{"id":29405,"date":"2013-11-14T11:00:18","date_gmt":"2013-11-14T10:00:18","guid":{"rendered":"http:\/\/soaplexikon.de\/cms\/?p=29405"},"modified":"2015-08-23T11:14:52","modified_gmt":"2015-08-23T09:14:52","slug":"special-downton-abbey-staffel-2","status":"publish","type":"post","link":"https:\/\/soaplexikon.de\/cms\/special-downton-abbey-staffel-2\/","title":{"rendered":"Special: Downton Abbey &#8211; Staffel 2 (UPDATED)"},"content":{"rendered":"<table border=\"0\">\n<tbody>\n<tr>\n<td><img loading=\"lazy\" decoding=\"async\" class=\"alignnone\" title=\"Downton Abbey\" src=\"http:\/\/www.soaplexikon.de\/image\/downton.jpg\" alt=\"\" width=\"100\" height=\"100\" \/><\/td>\n<td>W\u00e4hrend &#8222;Downton Abbey&#8220; j\u00fcngst f\u00fcr eine f\u00fcnfte Staffel verl\u00e4ngert wurde, strahlen ZDFneo ab dem 20. Dezember und das ZDF ab dem 22. Dezember 2013 die zweite Staffel inklusive Weihnachtsspecial aus.<\/td>\n<\/tr>\n<\/tbody>\n<\/table>\n<p><!--more--><\/p>\n<table border=\"0\">\n<tbody>\n<tr>\n<td colspan=\"2\">R\u00fcckblick auf Staffel 1:<\/td>\n<\/tr>\n<tr>\n<td>15.11.2013<\/td>\n<td><a title=\"Programmablauf 2013 auf ZDFneo und ZDF\" href=\"http:\/\/soaplexikon.de\/cms\/downton-abbey-programmablauf-2013-auf-zdfneo-und-zdf\/\" target=\"_blank\">Programmablauf 2013 auf ZDFneo und ZDF<\/a><\/td>\n<\/tr>\n<tr>\n<td>16.11.2013<\/td>\n<td><a title=\"Staffel 1 erneut auf ZDFneo\" href=\"http:\/\/soaplexikon.de\/cms\/downton-abbey-staffel-1-erneut-auf-zdfneo\/\" target=\"_blank\">Staffel 1 erneut auf ZDFneo<\/a><\/td>\n<\/tr>\n<tr>\n<td>16.12.2013<\/td>\n<td><a title=\"R\u00fcckblick auf Staffel 1\" href=\"http:\/\/soaplexikon.de\/cms\/downton-abbey-rueckblick-auf-staffel-1\/\" target=\"_blank\">R\u00fcckblick auf Staffel 1<\/a><\/td>\n<\/tr>\n<tr>\n<td colspan=\"2\"><\/td>\n<\/tr>\n<tr>\n<td colspan=\"2\">Staffel 2:<\/td>\n<\/tr>\n<tr>\n<td>16.11.2012<\/td>\n<td><a title=\"Staffel 2 Trailer\" href=\"http:\/\/soaplexikon.de\/cms\/downton-abbey-season-2-trailer\/\" target=\"_blank\">Season 2 Trailer<\/a><\/td>\n<\/tr>\n<tr>\n<td>14.11.2013<\/td>\n<td><a title=\"Staffel 2 im ZDF-Weihnachtsprogramm\" href=\"http:\/\/soaplexikon.de\/cms\/downton-abbey-staffel-2-im-zdf-weihnachtsprogramm\/\" target=\"_blank\">Staffel 2 im ZDF-Weihnachtsprogramm<\/a><\/td>\n<\/tr>\n<tr>\n<td>15.11.2013<\/td>\n<td><a title=\"Programmablauf 2013 auf ZDFneo und ZDF\" href=\"http:\/\/soaplexikon.de\/cms\/downton-abbey-programmablauf-2013-auf-zdfneo-und-zdf\/\" target=\"_blank\">Programmablauf 2013 auf ZDFneo und ZDF<\/a><\/td>\n<\/tr>\n<tr>\n<td colspan=\"2\"><\/td>\n<\/tr>\n<tr>\n<td colspan=\"2\">Statements der Schauspieler:<\/td>\n<\/tr>\n<tr>\n<td>17.11.2013<\/td>\n<td><a title=\"Statement von Hugh Bonneville\" href=\"http:\/\/soaplexikon.de\/cms\/downton-abbey-statement-von-hugh-bonneville\/\" target=\"_blank\">Statement von Hugh Bonneville<\/a><\/td>\n<\/tr>\n<tr>\n<td>18.11.2013<\/td>\n<td><a title=\"Statement von Elizabeth McGovern\" href=\"http:\/\/soaplexikon.de\/cms\/downton-abbey-statement-von-elizabeth-mcgovern\/\" target=\"_blank\">Statement von Elizabeth McGovern<\/a><\/td>\n<\/tr>\n<tr>\n<td>19.11.2013<\/td>\n<td><a title=\"Statement von Michelle Dockery\" href=\"http:\/\/soaplexikon.de\/cms\/downton-abbey-statement-von-michelle-dockery\/\" target=\"_blank\">Statement von Michelle Dockery<\/a><\/td>\n<\/tr>\n<tr>\n<td>20.11.2013<\/td>\n<td><a title=\"Statement von Laura Carmichael\" href=\"http:\/\/soaplexikon.de\/cms\/downton-abbey-statement-von-laura-carmichael\/\" target=\"_blank\">Statement von Laura Carmichael<\/a><\/td>\n<\/tr>\n<tr>\n<td>21.11.2013<\/td>\n<td><a title=\"Statement von Rob James-Collier\" href=\"http:\/\/soaplexikon.de\/cms\/downton-abbey-statement-von-rob-james-collier\/\" target=\"_blank\">Statement von Rob James-Collier<\/a><\/td>\n<\/tr>\n<tr>\n<td>22.11.2013<\/td>\n<td><a title=\"Statement von Allen Leech\" href=\"http:\/\/soaplexikon.de\/cms\/downton-abbey-statement-von-allen-leech\/\" target=\"_blank\">Statement von Allen Leech<\/a><\/td>\n<\/tr>\n<tr>\n<td colspan=\"2\"><\/td>\n<\/tr>\n<tr>\n<td colspan=\"2\">Ausblick auf Staffel 3:<\/td>\n<\/tr>\n<tr>\n<td>07.09.2012<\/td>\n<td><a title=\"Staffel 3 Trailer\" href=\"http:\/\/soaplexikon.de\/cms\/downton-abbey-staffel-3-trailer-1\/\" target=\"_blank\">Staffel 3 Trailer<\/a><\/td>\n<\/tr>\n<tr>\n<td>23.12.2012<\/td>\n<td><a title=\"Christmas Trailer 2012\" href=\"http:\/\/soaplexikon.de\/cms\/downton-abbey-christmas-trailer-2012\/\" target=\"_blank\">Christmas Trailer 2012<\/a><\/td>\n<\/tr>\n<\/tbody>\n<\/table>\n<p>&nbsp;<\/p>\n","protected":false},"excerpt":{"rendered":"<p>W\u00e4hrend &#8222;Downton Abbey&#8220; j\u00fcngst f\u00fcr eine f\u00fcnfte Staffel verl\u00e4ngert wurde, strahlen ZDFneo ab dem 20. Dezember und das ZDF ab dem 22. Dezember 2013 die zweite Staffel inklusive Weihnachtsspecial aus.<\/p>\n","protected":false},"author":4,"featured_media":0,"comment_status":"open","ping_status":"open","sticky":false,"template":"","format":"standard","meta":{"footnotes":""},"categories":[1,473],"tags":[],"class_list":["post-29405","post","type-post","status-publish","format-standard","hentry","category-soaplexikon","category-downton-abbey"],"_links":{"self":[{"href":"https:\/\/soaplexikon.de\/cms\/wp-json\/wp\/v2\/posts\/29405","targetHints":{"allow":["GET"]}}],"collection":[{"href":"https:\/\/soaplexikon.de\/cms\/wp-json\/wp\/v2\/posts"}],"about":[{"href":"https:\/\/soaplexikon.de\/cms\/wp-json\/wp\/v2\/types\/post"}],"author":[{"embeddable":true,"href":"https:\/\/soaplexikon.de\/cms\/wp-json\/wp\/v2\/users\/4"}],"replies":[{"embeddable":true,"href":"https:\/\/soaplexikon.de\/cms\/wp-json\/wp\/v2\/comments?post=29405"}],"version-history":[{"count":25,"href":"https:\/\/soaplexikon.de\/cms\/wp-json\/wp\/v2\/posts\/29405\/revisions"}],"predecessor-version":[{"id":42893,"href":"https:\/\/soaplexikon.de\/cms\/wp-json\/wp\/v2\/posts\/29405\/revisions\/42893"}],"wp:attachment":[{"href":"https:\/\/soaplexikon.de\/cms\/wp-json\/wp\/v2\/media?parent=29405"}],"wp:term":[{"taxonomy":"category","embeddable":true,"href":"https:\/\/soaplexikon.de\/cms\/wp-json\/wp\/v2\/categories?post=29405"},{"taxonomy":"post_tag","embeddable":true,"href":"https:\/\/soaplexikon.de\/cms\/wp-json\/wp\/v2\/tags?post=29405"}],"curies":[{"name":"wp","href":"https:\/\/api.w.org\/{rel}","templated":true}]}}