{"id":28125,"date":"2013-11-01T13:00:41","date_gmt":"2013-11-01T12:00:41","guid":{"rendered":"http:\/\/soaplexikon.de\/cms\/?p=28125"},"modified":"2014-04-15T19:34:29","modified_gmt":"2014-04-15T17:34:29","slug":"herzensbrecher-statement-von-gerrit-klein","status":"publish","type":"post","link":"https:\/\/soaplexikon.de\/cms\/herzensbrecher-statement-von-gerrit-klein\/","title":{"rendered":"Herzensbrecher: Statement von Gerrit Klein"},"content":{"rendered":"<table border=\"0\">\n<tbody>\n<tr>\n<td><img loading=\"lazy\" decoding=\"async\" class=\"alignnone\" title=\"Gerrit Klein\" alt=\"\" src=\"http:\/\/www.soaplexikon.de\/image\/herzensbrecher_gerrit-klein.jpg\" width=\"100\" height=\"100\" \/><\/td>\n<td>Am 2. November 2013 startet um 19:25 Uhr die neue Familienserie &#8222;Herzensbrecher &#8211; vater mit vier S\u00f6hnen&#8220; im ZDF. Den \u00e4ltesten Sohn &#8222;Lukas&#8220; spielt Gerrit Klein, den die j\u00fcngeren Zuschauer aus &#8222;Hotel 13&#8220; und &#8222;Das Haus Anubis&#8220; kennen.<\/td>\n<\/tr>\n<\/tbody>\n<\/table>\n<p><!--more-->Klein: &#8222;Die neue ZDF-Serie &#8218;Herzensbrecher \u2013 Vater von vier S\u00f6hnen&#8216;, das bedeutet f\u00fcr mich auch einen neuen Lebensabschnitt zu begehen: Herzensbrecher &#8211; das mache ich als Lukas (jetzt) auf professioneller Ebene. Obwohl, ehrlich gesagt, wenn man es genau nimmt, wird eigentlich Lukas st\u00e4ndig das Herz gebrochen. Einem so sensiblen Jungen, der aktiv auf der Suche nach der gro\u00dfen Liebe scheint, passiert das eben \u00f6fter als dem harten intriganten B\u00f6sewicht, den ich im Laufe meiner Schauspielerlaufbahn schon oft dargestellt habe. Nicht nur aber auch deswegen ist die Serie &#8218;Herzensbrecher&#8216; f\u00fcr mich selbst eine echte &#8218;Herzensangelegenheit&#8216;. Ich sehe es als Chance, mich als Schauspieler auch in einer ganz neuen Fassette zu zeigen und freue mich jeden Tag auf die Geschichten, die ich erz\u00e4hlen darf. Sei es die Suche nach Liebe, das Erwachsenwerden oder das &#8218;Vatersein&#8216;, was ich \u00f6fters f\u00fcr meine kleinen Br\u00fcder als Lukas, der \u00c4lteste, darstelle. Deswegen ist es ein wirklich tolles Serienprojekt, und ich hoffe sehr, dass wir alle vielen Zuschauern die &#8218;Herzen brechen&#8216;, nat\u00fcrlich auf die sch\u00f6ne Art und Weise.&#8220;<\/p>\n<p>\u00a9 ZDF Presse<\/p>\n","protected":false},"excerpt":{"rendered":"<p>Am 2. November 2013 startet um 19:25 Uhr die neue Familienserie &#8222;Herzensbrecher &#8211; vater mit vier S\u00f6hnen&#8220; im ZDF. Den \u00e4ltesten Sohn &#8222;Lukas&#8220; spielt Gerrit Klein, den die j\u00fcngeren Zuschauer aus &#8222;Hotel 13&#8220; und &#8222;Das Haus Anubis&#8220; kennen.<\/p>\n","protected":false},"author":4,"featured_media":0,"comment_status":"open","ping_status":"open","sticky":false,"template":"","format":"standard","meta":{"footnotes":""},"categories":[87,69,426],"tags":[],"class_list":["post-28125","post","type-post","status-publish","format-standard","hentry","category-das-haus-anubis","category-die-anrheiner","category-hotel-13"],"_links":{"self":[{"href":"https:\/\/soaplexikon.de\/cms\/wp-json\/wp\/v2\/posts\/28125","targetHints":{"allow":["GET"]}}],"collection":[{"href":"https:\/\/soaplexikon.de\/cms\/wp-json\/wp\/v2\/posts"}],"about":[{"href":"https:\/\/soaplexikon.de\/cms\/wp-json\/wp\/v2\/types\/post"}],"author":[{"embeddable":true,"href":"https:\/\/soaplexikon.de\/cms\/wp-json\/wp\/v2\/users\/4"}],"replies":[{"embeddable":true,"href":"https:\/\/soaplexikon.de\/cms\/wp-json\/wp\/v2\/comments?post=28125"}],"version-history":[{"count":4,"href":"https:\/\/soaplexikon.de\/cms\/wp-json\/wp\/v2\/posts\/28125\/revisions"}],"predecessor-version":[{"id":29231,"href":"https:\/\/soaplexikon.de\/cms\/wp-json\/wp\/v2\/posts\/28125\/revisions\/29231"}],"wp:attachment":[{"href":"https:\/\/soaplexikon.de\/cms\/wp-json\/wp\/v2\/media?parent=28125"}],"wp:term":[{"taxonomy":"category","embeddable":true,"href":"https:\/\/soaplexikon.de\/cms\/wp-json\/wp\/v2\/categories?post=28125"},{"taxonomy":"post_tag","embeddable":true,"href":"https:\/\/soaplexikon.de\/cms\/wp-json\/wp\/v2\/tags?post=28125"}],"curies":[{"name":"wp","href":"https:\/\/api.w.org\/{rel}","templated":true}]}}