{"id":28073,"date":"2013-10-01T15:30:18","date_gmt":"2013-10-01T13:30:18","guid":{"rendered":"http:\/\/soaplexikon.de\/cms\/?p=28073"},"modified":"2015-01-19T12:04:33","modified_gmt":"2015-01-19T11:04:33","slug":"lindenstrase-joachim-h-luger-wird-70-jahre","status":"publish","type":"post","link":"https:\/\/soaplexikon.de\/cms\/lindenstrase-joachim-h-luger-wird-70-jahre\/","title":{"rendered":"Lindenstra\u00dfe: Joachim H. Luger wird 70 Jahre"},"content":{"rendered":"<table border=\"0\">\n<tbody>\n<tr>\n<td><img loading=\"lazy\" decoding=\"async\" class=\"alignnone\" title=\"Lindenstra\u00dfe\" src=\"http:\/\/www.soaplexikon.de\/image\/listra.jpg\" alt=\"\" width=\"100\" height=\"100\" \/><\/td>\n<td>Am Mittwoch, den 2. Oktober 2013, feiert Joachim H. Luger seinen 70. Geburtstag. Seit Beginn der ARD-Serie &#8222;Lindenstra\u00dfe&#8220; vor fast 28 Jahren verk\u00f6rpert der beliebte Schauspieler die Rolle des &#8222;Hans Beimer&#8220;. Der Ehrentag bringt f\u00fcr Joachim H. Luger keinen tiefen Einschnitt: &#8222;Nat\u00fcrlich ist ein runder Geburtstag immer etwas Besonderes. Und auch wenn es hier und da schon manchmal zwackt, bin ich noch sehr fit. Ich f\u00fchle mich letztendlich j\u00fcnger, als es der Kalender verr\u00e4t!&#8220;<\/td>\n<\/tr>\n<\/tbody>\n<\/table>\n<p><!--more-->Die Arbeit f\u00fcr die &#8222;Lindenstra\u00dfe&#8220; ist f\u00fcr ihn auch nach all den Jahren eine Herausforderung. Luger: &#8222;F\u00fcr mich ist die Rolle des Hans Beimer schon l\u00e4ngst zu meinem Alter Ego geworden, und ich w\u00fcnsche mir auch k\u00fcnftig so viele spannende und aufregende Szenen. Zudem w\u00e4re ich sehr gl\u00fccklich, wenn meine TV-Partnerin Irene Fischer bald wieder als Anna Ziegler in die Serie zur\u00fcckkehren w\u00fcrde!&#8220;<\/p>\n<p>In seiner Freizeit bet\u00e4tigt sich Joachim H. Luger gerne sportlich. So segelt er im Sommer bevorzugt auf der Ostsee, und im Winter stehen Langlauf und Abfahrtslauf auf dem Programm \u2013 Letzteres aber mit Einschr\u00e4nkungen: &#8222;Die schwarzen Pisten fahre ich schon lange nicht mehr herunter!&#8220;, sagt der Jubilar.<\/p>\n<p>Joachim H. Luger wurde 1943 in Sch\u00f6mbach in Th\u00fcringen geboren und wuchs in Berlin auf. Den runden Geburtstag wird er im Kreise von Familie und Freunden in Bochum feiern.<\/p>\n<p>\u00a9 WDR Presse<\/p>\n","protected":false},"excerpt":{"rendered":"<p>Am Mittwoch, den 2. Oktober 2013, feiert Joachim H. Luger seinen 70. Geburtstag. Seit Beginn der ARD-Serie &#8222;Lindenstra\u00dfe&#8220; vor fast 28 Jahren verk\u00f6rpert der beliebte Schauspieler die Rolle des &#8222;Hans Beimer&#8220;. Der Ehrentag bringt f\u00fcr Joachim H. Luger keinen tiefen Einschnitt: &#8222;Nat\u00fcrlich ist ein runder Geburtstag immer etwas Besonderes. Und auch wenn es hier und [&hellip;]<\/p>\n","protected":false},"author":4,"featured_media":0,"comment_status":"open","ping_status":"open","sticky":false,"template":"","format":"standard","meta":{"footnotes":""},"categories":[79],"tags":[787,794],"class_list":["post-28073","post","type-post","status-publish","format-standard","hentry","category-lindenstrasse","tag-irene-fischer","tag-joachim-h-luger"],"_links":{"self":[{"href":"https:\/\/soaplexikon.de\/cms\/wp-json\/wp\/v2\/posts\/28073","targetHints":{"allow":["GET"]}}],"collection":[{"href":"https:\/\/soaplexikon.de\/cms\/wp-json\/wp\/v2\/posts"}],"about":[{"href":"https:\/\/soaplexikon.de\/cms\/wp-json\/wp\/v2\/types\/post"}],"author":[{"embeddable":true,"href":"https:\/\/soaplexikon.de\/cms\/wp-json\/wp\/v2\/users\/4"}],"replies":[{"embeddable":true,"href":"https:\/\/soaplexikon.de\/cms\/wp-json\/wp\/v2\/comments?post=28073"}],"version-history":[{"count":4,"href":"https:\/\/soaplexikon.de\/cms\/wp-json\/wp\/v2\/posts\/28073\/revisions"}],"predecessor-version":[{"id":28264,"href":"https:\/\/soaplexikon.de\/cms\/wp-json\/wp\/v2\/posts\/28073\/revisions\/28264"}],"wp:attachment":[{"href":"https:\/\/soaplexikon.de\/cms\/wp-json\/wp\/v2\/media?parent=28073"}],"wp:term":[{"taxonomy":"category","embeddable":true,"href":"https:\/\/soaplexikon.de\/cms\/wp-json\/wp\/v2\/categories?post=28073"},{"taxonomy":"post_tag","embeddable":true,"href":"https:\/\/soaplexikon.de\/cms\/wp-json\/wp\/v2\/tags?post=28073"}],"curies":[{"name":"wp","href":"https:\/\/api.w.org\/{rel}","templated":true}]}}