{"id":27043,"date":"2013-08-22T19:30:54","date_gmt":"2013-08-22T17:30:54","guid":{"rendered":"http:\/\/soaplexikon.de\/cms\/?p=27043"},"modified":"2014-04-15T19:59:29","modified_gmt":"2014-04-15T17:59:29","slug":"alles-was-zahlt-francisco-medina-steigt-aus","status":"publish","type":"post","link":"https:\/\/soaplexikon.de\/cms\/alles-was-zahlt-francisco-medina-steigt-aus\/","title":{"rendered":"Alles was z\u00e4hlt: Francisco Medina steigt aus"},"content":{"rendered":"<table border=\"0\">\n<tbody>\n<tr>\n<td><img loading=\"lazy\" decoding=\"async\" class=\"alignnone\" title=\"Alles was z\u00e4hlt\" src=\"http:\/\/www.soaplexikon.de\/image\/awz.jpg\" alt=\"\" width=\"100\" height=\"100\" \/><\/td>\n<td>Das Drama erreicht seinen H\u00f6hepunkt! In &#8222;Alles was z\u00e4hlt&#8220; wird es in der Geschichte um Maximilian von Altenburg und den Racheplan seiner Feinde Rafael Suarez und Sylvia Kern wird es bis zum \u00c4u\u00dfersten kommen &#8211; und einer der drei wird dabei sein Leben verlieren. Wird es Maximilian sein? Oder Rafael? Oder Sylvia?<\/td>\n<\/tr>\n<\/tbody>\n<\/table>\n<p><!--more-->Noch m\u00fcssen sich die Fans etwas gedulden, doch eines ist bereits sicher: Francisco Medina, der seit fast genau sechs Jahren die Rolle des intriganten argentinischen &#8222;\u00d6lprinzen&#8220; Maximilian von Altenburg spielt, hatte am 16. August 2013 seinen vorerst letzten Drehtag f\u00fcr AWZ. &#8222;Was genau passiert, werde ich noch nicht verraten&#8220;, erkl\u00e4rt Francisco Medina. Nur so viel: &#8222;Ich gehe jetzt auf volles Risiko, m\u00f6chte jetzt all das machen, was ich sowieso schon immer machen wollte und mir als Mensch wichtig ist, und verlasse daf\u00fcr die Serie.&#8220; Die vorerst letzte Folge mit Francisco Medina wird am 28. Oktober 2013 ausgestrahlt.<\/p>\n<p>Francisco Medina: &#8222;Ohne AWZ w\u00e4re ich heute nicht da wo ich bin. Ich bin der Serie unendlich dankbar, dass ich sechs Jahre diese fanatische Rolle spielen durfte. Doch genau jetzt ist der richtige Zeitpunkt f\u00fcr einen neuen Abschnitt in meinem Leben gekommen. Ich m\u00f6chte meine Kindheitstr\u00e4ume verwirklichen und die Menschen besuchen, die mir am Herzen liegen. Meine Hilfs-Projekte in S\u00fcdafrika, im Swasiland, sowie in Ecuador, Chile, Mexiko, Australien und Tibet werde ich weiter vorantreiben. Ich m\u00f6chte au\u00dferdem eine mehrmonatige Weltreise machen und mir die Orte ansehen, die ich schon immer gerne sehen wollte. Und Dinge machen, die ich noch nie getan habe und die etwas Mut erfordern&#8220;.<\/p>\n<p>Seiner Heimat kehrt Francisco nat\u00fcrlich nicht den R\u00fccken. Er erkl\u00e4rt: &#8222;F\u00fcr neue Projekte in Deutschland stehe ich zur Verf\u00fcgung. Unter anderem wird mein Gesangsprogramm &#8218;Hungrig bin ich&#8216;, bei dem ich junge Solisten vorstelle, auf jeden Fall fortgesetzt. Die n\u00e4chsten Termine am 13.10.2013 sowie 5.\/6.4.2014 stehen bereits fest. Ein Buch ist in Arbeit. Ein 90-min\u00fctiger Kinofilm mit dem Titel &#8222;Happy&#8220; wird in K\u00fcrze gedreht. Darin spiele ich die Transe Sofia, die den Mut sucht, ihren S\u00f6hnen zu sagen, dass sie lieber als Frau lebt. Au\u00dferdem habe ich mehrere Angebote aus Polen, Frankreich, Italien und Spanien. Und wer wei\u00df, was in dem einen Jahr noch passieren wird \u2013 eine R\u00fcckkehr zu AWZ schlie\u00dfe ich nicht aus.&#8220;<\/p>\n<p>\u00a9 RTL Kommunikation<\/p>\n","protected":false},"excerpt":{"rendered":"<p>Das Drama erreicht seinen H\u00f6hepunkt! In &#8222;Alles was z\u00e4hlt&#8220; wird es in der Geschichte um Maximilian von Altenburg und den Racheplan seiner Feinde Rafael Suarez und Sylvia Kern wird es bis zum \u00c4u\u00dfersten kommen &#8211; und einer der drei wird dabei sein Leben verlieren. Wird es Maximilian sein? Oder Rafael? Oder Sylvia?<\/p>\n","protected":false},"author":4,"featured_media":0,"comment_status":"open","ping_status":"open","sticky":false,"template":"","format":"standard","meta":{"footnotes":""},"categories":[64],"tags":[],"class_list":["post-27043","post","type-post","status-publish","format-standard","hentry","category-alles-was-zahlt"],"_links":{"self":[{"href":"https:\/\/soaplexikon.de\/cms\/wp-json\/wp\/v2\/posts\/27043","targetHints":{"allow":["GET"]}}],"collection":[{"href":"https:\/\/soaplexikon.de\/cms\/wp-json\/wp\/v2\/posts"}],"about":[{"href":"https:\/\/soaplexikon.de\/cms\/wp-json\/wp\/v2\/types\/post"}],"author":[{"embeddable":true,"href":"https:\/\/soaplexikon.de\/cms\/wp-json\/wp\/v2\/users\/4"}],"replies":[{"embeddable":true,"href":"https:\/\/soaplexikon.de\/cms\/wp-json\/wp\/v2\/comments?post=27043"}],"version-history":[{"count":3,"href":"https:\/\/soaplexikon.de\/cms\/wp-json\/wp\/v2\/posts\/27043\/revisions"}],"predecessor-version":[{"id":27049,"href":"https:\/\/soaplexikon.de\/cms\/wp-json\/wp\/v2\/posts\/27043\/revisions\/27049"}],"wp:attachment":[{"href":"https:\/\/soaplexikon.de\/cms\/wp-json\/wp\/v2\/media?parent=27043"}],"wp:term":[{"taxonomy":"category","embeddable":true,"href":"https:\/\/soaplexikon.de\/cms\/wp-json\/wp\/v2\/categories?post=27043"},{"taxonomy":"post_tag","embeddable":true,"href":"https:\/\/soaplexikon.de\/cms\/wp-json\/wp\/v2\/tags?post=27043"}],"curies":[{"name":"wp","href":"https:\/\/api.w.org\/{rel}","templated":true}]}}