{"id":27007,"date":"2013-09-04T14:00:34","date_gmt":"2013-09-04T12:00:34","guid":{"rendered":"http:\/\/soaplexikon.de\/cms\/?p=27007"},"modified":"2014-04-15T19:43:55","modified_gmt":"2014-04-15T17:43:55","slug":"15-jahre-schloss-einstein","status":"publish","type":"post","link":"https:\/\/soaplexikon.de\/cms\/15-jahre-schloss-einstein\/","title":{"rendered":"15 Jahre &#8222;Schloss Einstein&#8220;"},"content":{"rendered":"<table border=\"0\">\n<tbody>\n<tr>\n<td><img loading=\"lazy\" decoding=\"async\" class=\"alignnone\" title=\"Schloss Einstein\" src=\"http:\/\/www.soaplexikon.de\/image\/se.jpg\" alt=\"\" width=\"100\" height=\"100\" \/><\/td>\n<td>Am 4. September 1998 lief im KI.KA die erste Folge &#8222;Schloss Einstein&#8220;. Der Erfolg war so gro\u00df, dass im Jahr 2000 eine zweite Jugendserie folgte: &#8222;Fabrixx&#8220;. Doch Fabrixx konnte nie an die Erfolge von SE ankn\u00fcpfen, das heute seinen 15. Geburtstag feiert.<\/td>\n<\/tr>\n<\/tbody>\n<\/table>\n<p><!--more-->1998:<br \/>\nDie erste Staffel von Schloss Einstein wird vom 4. Mai 1998 bis zum 30. Juli 1999 in Potsdam-Babelsberg von der Askania Media GmbH gedreht. Produzent ist Martin Hofmann. Als Au\u00dfenmotiv f\u00fcr das Internat wird das Jagdschloss Grunewald ausgew\u00e4hlt. Von Anfang an steht den jungen Darstellern der Theaterp\u00e4dagoge Martin Sch\u00f6nemann als Schauspielcoach, Hausaufgabenhilfe und Setbetreuer zur Seite.<\/p>\n<p>1999:<br \/>\nSchloss Einstein bekommt auf dem 11. Deutschen Kinder-Film- &amp; Fernseh-Festival im Mai den &#8222;Goldenen Spatz&#8220; in der Kategorie &#8222;Fiktion kurz&#8220;. Im Juli 1999 erh\u00e4lt die Serie den &#8222;Goldenen Telix&#8220; der Programmzeitschrift &#8222;Gong&#8220; in der Kategorie &#8222;Serie oder Film mit Schauspielern&#8220;.<\/p>\n<p>2000:<br \/>\nRai Bozen (S\u00fcdtirol\/Italien) ist der erste Sender au\u00dferhalb Deutschlands, der ab Juli Schloss Einstein ausstrahlt.<br \/>\nAm 4. August 2000 wird im KI.KA bereits die 100. Folge gesendet.<\/p>\n<p>2003:<br \/>\nIm September 2003 werden beim Casting unter Leitung von Musikproduzent Leslie Mandoki die Mitglieder der k\u00fcnftigen Schloss Einstein-Band ausgew\u00e4hlt. Die Entstehungsgeschichte der Band wird rund um die Folge 300 nachgespielt. Leslie Mandoki und S\u00e4ngerin Luci van Org spielen die &#8222;Produzenten&#8220;.<\/p>\n<p>2004:<br \/>\nHoll\u00e4ndische Kinder lernen mit Schloss Einstein Deutsch. Sie lesen die Internatsgeschichten in ihren Schulb\u00fcchern.<br \/>\nIn Zusammenarbeit mit den Initiativen &#8222;Step 21&#8220; und &#8222;Exit&#8220; thematisiert Schloss Einstein in acht Folgen im Dezember 2004 das Thema Rechtsradikalismus bei Jugendlichen.<\/p>\n<p>2006:<br \/>\nAm 20. Mai 2006 wird die 400. Folge der langlaufenden Kinderserie im KI.KA ausgestrahlt. Hier fahren die Internatssch\u00fcler zum ersten Mal auf Klassenfahrt.<\/p>\n<p>2007:<br \/>\nDie Serie zieht von Potsdam-Babelsberg nach Erfurt um. Im Kindermedienzentrum beginnt die Saxonia Media Filmproduktion GmbH im September 2007 die Dreharbeiten zur 11. Staffel. Schloss Neideck in<br \/>\nArnstadt dient als Au\u00dfenmotiv f\u00fcr das Internat. Zum Start von Schloss Einstein in Erfurt wird ein gro\u00dfes Mittelalterfest gefeiert.<\/p>\n<p>2008:<br \/>\nIm Januar 2008 wird Folge 481, die erste Folge, die in Erfurt entstand, im KI.KA ausgestrahlt.<br \/>\nEnde M\u00e4rz 2008 geht die 500. Folge der erfolgreichen Kinderserie \u00fcber den Bildschirm.<br \/>\nIm September 2008 feiert Schloss Einstein sein 10-j\u00e4hriges Bestehen. \u00dcber 100 M\u00e4dchen und Jungen standen bisher als jugendliche Darsteller vor der Kamera.<\/p>\n<p>2010:<br \/>\nIm Mai 2010 wird Folge 581, in der die Einstein-Sch\u00fcler sich mit der Geschichte der DDR auseinandersetzen, mit dem &#8222;Goldenen Spatz&#8220; in der Kategorie Serie ausgezeichnet.<br \/>\nDie 600. Folge von Schloss Einstein wird im KI.KA gesendet. Im ARD-Hauptstadtstudio in Berlin wird das Jubil\u00e4um gefeiert.<\/p>\n<p>2012:<br \/>\nIm M\u00e4rz 2012 wird Folge 700 \u2013 die auch f\u00fcr den &#8222;Goldenen Spatz&#8220; nominiert ist \u2013 im KI.KA ausgestrahlt.<br \/>\nIm September 2012 starten die Dreharbeiten zur 16. Staffel der Serie. &#8222;<a title=\"Zuhause unter Freunden\" href=\"http:\/\/soaplexikon.de\/cms\/schloss-einstein-drehstart-zur-16-staffel\/\" target=\"_blank\">Zuhause unter Freunden<\/a>&#8220; lautet das Motto \u2013 das wird in jeder neuen Folge bewiesen.<\/p>\n<p>2013:<br \/>\nIm Juli 2013 erh\u00e4lt Schloss Einstein den Kinder-Medien-Preis &#8222;<a title=\"Der wei\u00dfe Elefant\" href=\"http:\/\/soaplexikon.de\/cms\/schloss-einstein-erhalt-kinder-medien-preis\/\" target=\"_blank\">Der wei\u00dfe Elefant<\/a>&#8222;, der im Rahmen des Filmfestes M\u00fcnchen vergeben wird.<br \/>\nBis heute wurden in Erfurt \u00fcber 290 Folgen von Schloss Einstein produziert \u2013 u. a. mit den Schauspielern Devid Striesow, Kostja Ullmann, Michael Kessler und Checker Can, den <a title=\"MDR JUMP-Moderatoren\" href=\"http:\/\/soaplexikon.de\/cms\/schloss-einstein-mdr-jump-moderatoren-ubernehmen-gastrolle\/\" target=\"_blank\">MDR JUMP-Moderatoren<\/a> Sarah von Neuburg und Lars Christian Karde.<br \/>\nIm September 2013 beginnen die Dreharbeiten zur <a title=\"17. Staffel\" href=\"http:\/\/soaplexikon.de\/cms\/schloss-einstein-drehstart-fur-die-17-staffel\/\" target=\"_blank\">17. Staffel<\/a> der am l\u00e4ngsten laufenden Kinderserie im deutschen Fernsehen.<\/p>\n<p>\u00a9 MDR Pressemappe<\/p>\n","protected":false},"excerpt":{"rendered":"<p>Am 4. September 1998 lief im KI.KA die erste Folge &#8222;Schloss Einstein&#8220;. Der Erfolg war so gro\u00df, dass im Jahr 2000 eine zweite Jugendserie folgte: &#8222;Fabrixx&#8220;. Doch Fabrixx konnte nie an die Erfolge von SE ankn\u00fcpfen, das heute seinen 15. Geburtstag feiert.<\/p>\n","protected":false},"author":4,"featured_media":0,"comment_status":"open","ping_status":"open","sticky":false,"template":"","format":"standard","meta":{"footnotes":""},"categories":[136],"tags":[],"class_list":["post-27007","post","type-post","status-publish","format-standard","hentry","category-schloss-einstein"],"_links":{"self":[{"href":"https:\/\/soaplexikon.de\/cms\/wp-json\/wp\/v2\/posts\/27007","targetHints":{"allow":["GET"]}}],"collection":[{"href":"https:\/\/soaplexikon.de\/cms\/wp-json\/wp\/v2\/posts"}],"about":[{"href":"https:\/\/soaplexikon.de\/cms\/wp-json\/wp\/v2\/types\/post"}],"author":[{"embeddable":true,"href":"https:\/\/soaplexikon.de\/cms\/wp-json\/wp\/v2\/users\/4"}],"replies":[{"embeddable":true,"href":"https:\/\/soaplexikon.de\/cms\/wp-json\/wp\/v2\/comments?post=27007"}],"version-history":[{"count":3,"href":"https:\/\/soaplexikon.de\/cms\/wp-json\/wp\/v2\/posts\/27007\/revisions"}],"predecessor-version":[{"id":33413,"href":"https:\/\/soaplexikon.de\/cms\/wp-json\/wp\/v2\/posts\/27007\/revisions\/33413"}],"wp:attachment":[{"href":"https:\/\/soaplexikon.de\/cms\/wp-json\/wp\/v2\/media?parent=27007"}],"wp:term":[{"taxonomy":"category","embeddable":true,"href":"https:\/\/soaplexikon.de\/cms\/wp-json\/wp\/v2\/categories?post=27007"},{"taxonomy":"post_tag","embeddable":true,"href":"https:\/\/soaplexikon.de\/cms\/wp-json\/wp\/v2\/tags?post=27007"}],"curies":[{"name":"wp","href":"https:\/\/api.w.org\/{rel}","templated":true}]}}