{"id":26500,"date":"2013-09-01T00:25:35","date_gmt":"2013-08-31T22:25:35","guid":{"rendered":"http:\/\/soaplexikon.de\/cms\/?p=26500"},"modified":"2014-04-20T12:09:26","modified_gmt":"2014-04-20T10:09:26","slug":"castingnews-deutsche-weeklys-august-2013","status":"publish","type":"post","link":"https:\/\/soaplexikon.de\/cms\/castingnews-deutsche-weeklys-august-2013\/","title":{"rendered":"Castingnews: Deutsche Weeklys &#8211; August 2013 (UPDATED)"},"content":{"rendered":"<table border=\"0\">\n<tbody>\n<tr>\n<td><img loading=\"lazy\" decoding=\"async\" class=\"alignnone\" title=\"Schloss Einstein\" src=\"http:\/\/www.soaplexikon.de\/image\/se.jpg\" alt=\"\" width=\"100\" height=\"100\" \/><\/td>\n<td>Hier findet ihr eine \u00dcbersicht \u00fcber die Ein- und Ausstiege bei den deutschen Weekly Soaps im August 2013. Den Anfang macht die KiKA-Serie &#8222;Schloss Einstein&#8220;.<\/td>\n<\/tr>\n<\/tbody>\n<\/table>\n<p><!--more--><\/p>\n<table border=\"0\">\n<tbody>\n<tr>\n<td colspan=\"2\">Schloss Einstein:<\/td>\n<\/tr>\n<tr>\n<td rowspan=\"3\"><img loading=\"lazy\" decoding=\"async\" class=\"alignnone\" title=\"Schloss Einstein\" src=\"http:\/\/www.soaplexikon.de\/image\/se.jpg\" alt=\"\" width=\"100\" height=\"100\" \/><\/td>\n<td>David Meier steigt in der 17. Staffel &#8222;Schloss Einstein&#8220; als Sch\u00fcler &#8222;David&#8220; ein.<br \/>\nDavid ist ein Einzelg\u00e4nger und irgendwie auch ein Revoluzzer. Zumindest liebt er es zu provozieren. Oft zieht er sich auch zur\u00fcck und genau das gibt seiner Umwelt immer wieder R\u00e4tsel auf. Mit offenen, auch harschen Worten kann David besser umgehen als mit all den Nettigkeiten des Alltags. David will das was f\u00fcr ihn wirklich z\u00e4hlt. Auf Einstein scheint das Pippi zu sein&#8230;<br \/>\nMehr zur neuen Staffel gibt es <a title=\"hier\" href=\"http:\/\/soaplexikon.de\/cms\/schloss-einstein-drehstart-fur-die-17-staffel\/\" target=\"_blank\">hier<\/a>.<\/td>\n<\/tr>\n<tr>\n<td>Robert Reichert alias &#8222;Justus Klug&#8220; verl\u00e4sst nach vier Jahren in Folge 792&#8243;Schloss Einstein&#8220;.<\/td>\n<\/tr>\n<tr>\n<td>Laut des Schloss Einstein Blogs folgen weitere Aussteiger.<\/td>\n<\/tr>\n<tr>\n<td colspan=\"2\"><\/td>\n<\/tr>\n<\/tbody>\n<\/table>\n<p><\/p>\n","protected":false},"excerpt":{"rendered":"<p>Hier findet ihr eine \u00dcbersicht \u00fcber die Ein- und Ausstiege bei den deutschen Weekly Soaps im August 2013. Den Anfang macht die KiKA-Serie &#8222;Schloss Einstein&#8220;.<\/p>\n","protected":false},"author":2,"featured_media":0,"comment_status":"open","ping_status":"open","sticky":false,"template":"","format":"standard","meta":{"footnotes":""},"categories":[136],"tags":[],"class_list":["post-26500","post","type-post","status-publish","format-standard","hentry","category-schloss-einstein"],"_links":{"self":[{"href":"https:\/\/soaplexikon.de\/cms\/wp-json\/wp\/v2\/posts\/26500","targetHints":{"allow":["GET"]}}],"collection":[{"href":"https:\/\/soaplexikon.de\/cms\/wp-json\/wp\/v2\/posts"}],"about":[{"href":"https:\/\/soaplexikon.de\/cms\/wp-json\/wp\/v2\/types\/post"}],"author":[{"embeddable":true,"href":"https:\/\/soaplexikon.de\/cms\/wp-json\/wp\/v2\/users\/2"}],"replies":[{"embeddable":true,"href":"https:\/\/soaplexikon.de\/cms\/wp-json\/wp\/v2\/comments?post=26500"}],"version-history":[{"count":6,"href":"https:\/\/soaplexikon.de\/cms\/wp-json\/wp\/v2\/posts\/26500\/revisions"}],"predecessor-version":[{"id":27011,"href":"https:\/\/soaplexikon.de\/cms\/wp-json\/wp\/v2\/posts\/26500\/revisions\/27011"}],"wp:attachment":[{"href":"https:\/\/soaplexikon.de\/cms\/wp-json\/wp\/v2\/media?parent=26500"}],"wp:term":[{"taxonomy":"category","embeddable":true,"href":"https:\/\/soaplexikon.de\/cms\/wp-json\/wp\/v2\/categories?post=26500"},{"taxonomy":"post_tag","embeddable":true,"href":"https:\/\/soaplexikon.de\/cms\/wp-json\/wp\/v2\/tags?post=26500"}],"curies":[{"name":"wp","href":"https:\/\/api.w.org\/{rel}","templated":true}]}}