{"id":26275,"date":"2013-09-01T00:55:18","date_gmt":"2013-08-31T22:55:18","guid":{"rendered":"http:\/\/soaplexikon.de\/cms\/?p=26275"},"modified":"2015-01-18T23:24:05","modified_gmt":"2015-01-18T22:24:05","slug":"sturm-der-liebe-castingnews-august-2013","status":"publish","type":"post","link":"https:\/\/soaplexikon.de\/cms\/sturm-der-liebe-castingnews-august-2013\/","title":{"rendered":"Sturm der Liebe: Castingnews August 2013 (UPDATED)"},"content":{"rendered":"<table border=\"0\">\n<tbody>\n<tr>\n<td><img loading=\"lazy\" decoding=\"async\" class=\"alignnone\" title=\"Sturm der Liebe\" src=\"http:\/\/www.soaplexikon.de\/image\/sdl.jpg\" alt=\"\" width=\"100\" height=\"100\" \/><\/td>\n<td>Hier findet ihr eine \u00dcbersicht \u00fcber die Ein- und Ausstiege bei der deutschen Telenovela &#8222;Sturm der Liebe&#8220; im August 2013.<\/td>\n<\/tr>\n<\/tbody>\n<\/table>\n<p><!--more--><\/p>\n<p>1. August 2013:<br \/>\nDer August-Drehspiegel wurde ver\u00f6ffentlicht. Es gibt keine Ver\u00e4nderungen im Cast. Nicola Tiggeler wird nicht gelistet. Eine Produktionspause wird nicht aufgef\u00fchrt, allerdings werden im August nur 12 Folgen (1858 bis 1869 ) produziert.<\/p>\n<p>&nbsp;<\/p>\n<p>19. August 2013:<br \/>\nSamira El Ouassil \u00fcbernimmt ab Folge 1835 (voraussichtlich 16. September 2013) die Gastrolle der Journalistin &#8222;Sina Flock&#8220;.<\/p>\n","protected":false},"excerpt":{"rendered":"<p>Hier findet ihr eine \u00dcbersicht \u00fcber die Ein- und Ausstiege bei der deutschen Telenovela &#8222;Sturm der Liebe&#8220; im August 2013.<\/p>\n","protected":false},"author":2,"featured_media":0,"comment_status":"open","ping_status":"open","sticky":false,"template":"","format":"standard","meta":{"footnotes":""},"categories":[78],"tags":[752],"class_list":["post-26275","post","type-post","status-publish","format-standard","hentry","category-sturm-der-liebe","tag-nicola-tiggeler"],"_links":{"self":[{"href":"https:\/\/soaplexikon.de\/cms\/wp-json\/wp\/v2\/posts\/26275","targetHints":{"allow":["GET"]}}],"collection":[{"href":"https:\/\/soaplexikon.de\/cms\/wp-json\/wp\/v2\/posts"}],"about":[{"href":"https:\/\/soaplexikon.de\/cms\/wp-json\/wp\/v2\/types\/post"}],"author":[{"embeddable":true,"href":"https:\/\/soaplexikon.de\/cms\/wp-json\/wp\/v2\/users\/2"}],"replies":[{"embeddable":true,"href":"https:\/\/soaplexikon.de\/cms\/wp-json\/wp\/v2\/comments?post=26275"}],"version-history":[{"count":10,"href":"https:\/\/soaplexikon.de\/cms\/wp-json\/wp\/v2\/posts\/26275\/revisions"}],"predecessor-version":[{"id":33417,"href":"https:\/\/soaplexikon.de\/cms\/wp-json\/wp\/v2\/posts\/26275\/revisions\/33417"}],"wp:attachment":[{"href":"https:\/\/soaplexikon.de\/cms\/wp-json\/wp\/v2\/media?parent=26275"}],"wp:term":[{"taxonomy":"category","embeddable":true,"href":"https:\/\/soaplexikon.de\/cms\/wp-json\/wp\/v2\/categories?post=26275"},{"taxonomy":"post_tag","embeddable":true,"href":"https:\/\/soaplexikon.de\/cms\/wp-json\/wp\/v2\/tags?post=26275"}],"curies":[{"name":"wp","href":"https:\/\/api.w.org\/{rel}","templated":true}]}}