{"id":25908,"date":"2013-07-18T13:00:12","date_gmt":"2013-07-18T11:00:12","guid":{"rendered":"http:\/\/soaplexikon.de\/cms\/?p=25908"},"modified":"2014-12-08T03:37:11","modified_gmt":"2014-12-08T02:37:11","slug":"gran-hotel-kommt-nach-deutschland","status":"publish","type":"post","link":"https:\/\/soaplexikon.de\/cms\/gran-hotel-kommt-nach-deutschland\/","title":{"rendered":"Gran Hotel kommt nach Deutschland"},"content":{"rendered":"<table border=\"0\">\n<tbody>\n<tr>\n<td><img loading=\"lazy\" decoding=\"async\" class=\"alignnone\" title=\"Gran Hotel\" src=\"http:\/\/www.soaplexikon.de\/image\/gran-hotel.jpg\" alt=\"\" width=\"100\" height=\"100\" \/><\/td>\n<td>Der Pay-TV-Sender Sony Entertainment Television bringt die spanische Telenovela &#8222;Gran Hotel&#8220; unter dem internationalen Titel &#8222;Grand Hotel&#8220; nach Deutschland. Die Ausstrahlung beginnt am 8. Oktober 2013, jeweils dienstags ab 20:15 Uhr in Doppelfolgen.<\/td>\n<\/tr>\n<\/tbody>\n<\/table>\n<p><!--more-->&#8222;<a title=\"Gran Hotel\" href=\"http:\/\/soaplexikon.de\/cms\/gran-hotel-01\/\" target=\"_blank\">Gran Hotel<\/a>&#8220; spielt zu Beginn des 20. Jahrhunderts. Im Zentrum der Serie stehen Alicia Alarc\u00f3n (Amaia Salamanca), Tochter der Hoteldynastie, und Julio Olmedo (Yon Gonz\u00e1lez), Kellner im Grand Hotel.<\/p>\n<p>Julio steht in Briefkontakt mit seiner Schwester Cristina, die im Gran Hotel als Diensm\u00e4dchen arbeitet. Als eine Antwort ausbleibt, macht er sich auf dem Weg zum Hotel. Er glaubt nicht daran, dass Cristina einfach gegangen sein soll und st\u00f6\u00dft auf Unstimmigkeiten der Hotelf\u00fchrung. Hilfe bekommt Julio von der bildsch\u00f6nen Alicia, auf die auch Hoteldirektor Diego ein Auge geworfen hat. Was sie nicht ahnen: Cristina kam, vor ihrem Verschwinden, hinter ein dunkles Familiengeheimnis der Alarc\u00f3ns. Doch eine Telenovela w\u00e4re keine Telenovela, wenn sich nicht noch zwischen Alicia und Julio mehr entwickeln w\u00fcrde, als nur Freundschaft&#8230;<\/p>\n<p>&#8222;Gran Hotel&#8220; umfasst 39 Folgen in drei Staffeln und <a title=\"ging j\u00fcngst zuende\" href=\"http:\/\/soaplexikon.de\/cms\/gran-hotel-eingestellt\/\" target=\"_blank\">ging j\u00fcngst zuende<\/a>.<\/p>\n","protected":false},"excerpt":{"rendered":"<p>Der Pay-TV-Sender Sony Entertainment Television bringt die spanische Telenovela &#8222;Gran Hotel&#8220; unter dem internationalen Titel &#8222;Grand Hotel&#8220; nach Deutschland. Die Ausstrahlung beginnt am 8. Oktober 2013, jeweils dienstags ab 20:15 Uhr in Doppelfolgen.<\/p>\n","protected":false},"author":4,"featured_media":0,"comment_status":"open","ping_status":"open","sticky":false,"template":"","format":"standard","meta":{"footnotes":""},"categories":[552],"tags":[],"class_list":["post-25908","post","type-post","status-publish","format-standard","hentry","category-gran-hotel"],"_links":{"self":[{"href":"https:\/\/soaplexikon.de\/cms\/wp-json\/wp\/v2\/posts\/25908","targetHints":{"allow":["GET"]}}],"collection":[{"href":"https:\/\/soaplexikon.de\/cms\/wp-json\/wp\/v2\/posts"}],"about":[{"href":"https:\/\/soaplexikon.de\/cms\/wp-json\/wp\/v2\/types\/post"}],"author":[{"embeddable":true,"href":"https:\/\/soaplexikon.de\/cms\/wp-json\/wp\/v2\/users\/4"}],"replies":[{"embeddable":true,"href":"https:\/\/soaplexikon.de\/cms\/wp-json\/wp\/v2\/comments?post=25908"}],"version-history":[{"count":6,"href":"https:\/\/soaplexikon.de\/cms\/wp-json\/wp\/v2\/posts\/25908\/revisions"}],"predecessor-version":[{"id":38479,"href":"https:\/\/soaplexikon.de\/cms\/wp-json\/wp\/v2\/posts\/25908\/revisions\/38479"}],"wp:attachment":[{"href":"https:\/\/soaplexikon.de\/cms\/wp-json\/wp\/v2\/media?parent=25908"}],"wp:term":[{"taxonomy":"category","embeddable":true,"href":"https:\/\/soaplexikon.de\/cms\/wp-json\/wp\/v2\/categories?post=25908"},{"taxonomy":"post_tag","embeddable":true,"href":"https:\/\/soaplexikon.de\/cms\/wp-json\/wp\/v2\/tags?post=25908"}],"curies":[{"name":"wp","href":"https:\/\/api.w.org\/{rel}","templated":true}]}}