{"id":25855,"date":"2013-07-13T11:00:24","date_gmt":"2013-07-13T09:00:24","guid":{"rendered":"http:\/\/soaplexikon.de\/cms\/?p=25855"},"modified":"2014-04-15T20:02:48","modified_gmt":"2014-04-15T18:02:48","slug":"interview-mit-lars-steinhofel-alias-easy-winter","status":"publish","type":"post","link":"https:\/\/soaplexikon.de\/cms\/interview-mit-lars-steinhofel-alias-easy-winter\/","title":{"rendered":"Interview mit Lars Steinh\u00f6fel"},"content":{"rendered":"<table border=\"0\">\n<tbody>\n<tr>\n<td><img loading=\"lazy\" decoding=\"async\" class=\"alignnone\" title=\"Unter Uns\" src=\"http:\/\/www.soaplexikon.de\/image\/uu.jpg\" alt=\"\" width=\"100\" height=\"100\" \/><\/td>\n<td>Die &#8222;Unter uns&#8220;-Vertr\u00e4ge sind alle verl\u00e4ngert. Die erfolgreiche t\u00e4gliche Serie wird weder eingestellt noch umgewandelt noch sind alle Schauspieler gek\u00fcndigt. Auch wenn es immer wieder solche Ger\u00fcchte gibt. Zurzeit ist allerdings Produktionspause, Mitte August geht&#8217;s weiter \u2013 und von &#8222;Unter uns&#8220; wird man noch viel h\u00f6ren. Auch Lars Steinh\u00f6fel, seit mehr als acht Jahren dabei, hat seinen Vertrag verl\u00e4ngert, und das gleich um zwei Jahre.<\/td>\n<\/tr>\n<\/tbody>\n<\/table>\n<p><!--more-->Lars, du bist jetzt seit achteinhalb Jahren dabei, und jetzt wurde dein Vertrag verl\u00e4ngert.<br \/>\nLars Steinh\u00f6fel: Ja, und sogar um zwei Jahre \u2013 Bis Mitte 2015 bin ich jetzt mindestens noch bei &#8222;Unter uns&#8220;. \u00dcbrigens muss sich niemand Sorgen machen \u2013 einige andere Schauspieler haben auch schon l\u00e4ngerfristige Vertr\u00e4ge in der Tasche und es wird weder der ganze Cast gek\u00fcndigt noch die Serie umgewandelt. Wir haben &#8222;nur&#8220; gerade Sommerpause.<\/p>\n<p>Wie gef\u00e4llt&#8217;s dir bei &#8222;Unter uns&#8220;?<br \/>\nGut. &#8222;Unter uns&#8220; erfindet sich immer neu und solange dabei zu sein ist schon cool. In der heutigen Zeit bin ich froh, einen festen Job zu haben, der mir auch noch sehr viel Spa\u00df macht. Denn ich war bei UU in den letzten Jahren sehr verw\u00f6hnt mit gro\u00dfen Geschichten: Die Love Storys mit Charlotte, Lili und zuletzt Suji, jetzt hoffe ich auf die n\u00e4chste gro\u00dfe Geschichte f\u00fcr Easy und mich.<\/p>\n<p>Wei\u00dft du schon, was passiert? Easys letzte Liebe Suji ist ja nun weg.<br \/>\nIch k\u00f6nnte mir vorstellen, dass Easy demn\u00e4chst eine neue Freundin bekommt, die aber nicht aus dem bestehenden Cast ist. Easy ist jetzt Mitte 20, und gleichaltrige Frauen gibt es derzeit nicht so viele bei uns. Ich bin schon sehr gespannt&#8230;<\/p>\n<p>Was machst du in der Drehpause?<br \/>\nBevor es in den Urlaub ging, haben wir noch Fotos f\u00fcr den neuen &#8222;Unter uns&#8220;-Kalender geshootet. Dann drehe ich in K\u00fcrze f\u00fcr die 100. Folge der Serie &#8222;Ein Fall f\u00fcr die Anrheiner&#8220;. Und ansonsten genie\u00dfe ich unseren Produktions-Urlaub. Am 19. August geht&#8217;s wieder los mit dem allj\u00e4hrlichen Fanclubtreffen.<\/p>\n<p>Was w\u00fcrdest du sonst noch gerne machen?<br \/>\nRichtig Lust h\u00e4tte ich auf &#8222;Let&#8217;s Dance&#8220;. Ich habe gro\u00dfen Spa\u00df am Tanzen und ich liebe diese gro\u00dfen Entertainment-Shows. Ums Gewinnen geht es mir dabei gar nicht, mir geht es um die Show selbst. Ich mag einfach den Humor der Sendung, den Llambi, den Daniel und die Sylvie. Und ich habe alle Staffel bisher gesehen.<\/p>\n<p>Was hast du aus dem Dschungel mit nach Hause genommen?<br \/>\nDas sch\u00f6nste, was Claudelle mir danach erz\u00e4hlt hat, was ihr dort passiert ist, und was ich auf jeden Fall auch einmal im Leben machen m\u00f6chte, ist, mich von der Au\u00dfenwelt abzuschotten und in eine Gruppe einfinden, um dann die psychologische Seite der Leute zu betrachten, wie sich ihre Charaktere entwickeln, wenn die Grundbed\u00fcrfnisse nicht gestillt werden. Wie man sich verh\u00e4lt, wenn man sich ohne Uhrzeiten ganz auf die Natur einl\u00e4sst, sich nur an den Ger\u00e4uschen der Tiere und Pflanzen orientiert. Claudelle hat mir so viel davon erz\u00e4hlt, wie toll es f\u00fcr sie war, das fand ich cool. Im Scherz habe ich dann zu ihr gesagt, n\u00e4chstes Jahr gehe ich in den Dschungel und nehme dich dann als meine Begleitung mit.<\/p>\n<p>Wie stellst du dir dein Leben nach &#8222;Unter uns&#8220; vor?<br \/>\nIch mache mir keine Sorgen um die Zukunft. Wenn &#8222;Unter uns&#8220; f\u00fcr mich nicht mehr existieren sollte, kommt etwas anderes. Es geht ja wirklich immer weiter. Wenn man jemandem alles nimmt, was einem etwas bedeutet, ist es wie eine Neugeburt und gro\u00dfe Chance. Alles im Leben passiert aus einem Grund. Man darf sich nur nicht fallen lassen und selbst bemitleiden. Man muss immer wieder aufstehen k\u00f6nnen&#8230;<\/p>\n<p>W\u00fcrdest du dich auch f\u00fcr den Playboy ausziehen?<br \/>\nEher f\u00fcr die Playgirl &#8211; aber die gibt&#8217;s ja nicht mehr. Nein, ich arbeite an meiner Sommerfigur, aber irgendwie will das nicht so richtig. Ich glaube nicht an den Mythos Fitnessstudio, daf\u00fcr ist mir meine Freizeit zu schade. Ich gehe joggen, fahre ein bisschen Fahrrad, um fit zu bleiben. Man muss sich nur gesund und bewusst ern\u00e4hren, um Kraft zu tanken f\u00fcr den Alltag. Wer sch\u00f6n sein will, soll sch\u00f6n sein, und wer sich wohl f\u00fchlen will, soll sich wohlf\u00fchlen&#8230;<\/p>\n<p>\u00a9 RTL Kommunikation<\/p>\n","protected":false},"excerpt":{"rendered":"<p>Die &#8222;Unter uns&#8220;-Vertr\u00e4ge sind alle verl\u00e4ngert. Die erfolgreiche t\u00e4gliche Serie wird weder eingestellt noch umgewandelt noch sind alle Schauspieler gek\u00fcndigt. Auch wenn es immer wieder solche Ger\u00fcchte gibt. Zurzeit ist allerdings Produktionspause, Mitte August geht&#8217;s weiter \u2013 und von &#8222;Unter uns&#8220; wird man noch viel h\u00f6ren. Auch Lars Steinh\u00f6fel, seit mehr als acht Jahren dabei, [&hellip;]<\/p>\n","protected":false},"author":4,"featured_media":0,"comment_status":"open","ping_status":"open","sticky":false,"template":"","format":"standard","meta":{"footnotes":""},"categories":[71],"tags":[],"class_list":["post-25855","post","type-post","status-publish","format-standard","hentry","category-unter-uns"],"_links":{"self":[{"href":"https:\/\/soaplexikon.de\/cms\/wp-json\/wp\/v2\/posts\/25855","targetHints":{"allow":["GET"]}}],"collection":[{"href":"https:\/\/soaplexikon.de\/cms\/wp-json\/wp\/v2\/posts"}],"about":[{"href":"https:\/\/soaplexikon.de\/cms\/wp-json\/wp\/v2\/types\/post"}],"author":[{"embeddable":true,"href":"https:\/\/soaplexikon.de\/cms\/wp-json\/wp\/v2\/users\/4"}],"replies":[{"embeddable":true,"href":"https:\/\/soaplexikon.de\/cms\/wp-json\/wp\/v2\/comments?post=25855"}],"version-history":[{"count":6,"href":"https:\/\/soaplexikon.de\/cms\/wp-json\/wp\/v2\/posts\/25855\/revisions"}],"predecessor-version":[{"id":30201,"href":"https:\/\/soaplexikon.de\/cms\/wp-json\/wp\/v2\/posts\/25855\/revisions\/30201"}],"wp:attachment":[{"href":"https:\/\/soaplexikon.de\/cms\/wp-json\/wp\/v2\/media?parent=25855"}],"wp:term":[{"taxonomy":"category","embeddable":true,"href":"https:\/\/soaplexikon.de\/cms\/wp-json\/wp\/v2\/categories?post=25855"},{"taxonomy":"post_tag","embeddable":true,"href":"https:\/\/soaplexikon.de\/cms\/wp-json\/wp\/v2\/tags?post=25855"}],"curies":[{"name":"wp","href":"https:\/\/api.w.org\/{rel}","templated":true}]}}