{"id":25804,"date":"2013-07-11T14:00:08","date_gmt":"2013-07-11T12:00:08","guid":{"rendered":"http:\/\/soaplexikon.de\/cms\/?p=25804"},"modified":"2019-07-06T09:46:44","modified_gmt":"2019-07-06T07:46:44","slug":"gute-zeiten-schlechte-zeiten-tv-season-20132014","status":"publish","type":"post","link":"https:\/\/soaplexikon.de\/cms\/gute-zeiten-schlechte-zeiten-tv-season-20132014\/","title":{"rendered":"Gute Zeiten Schlechte Zeiten: TV-Season 2013\/2014"},"content":{"rendered":"<table border=\"0\">\n<tbody>\n<tr>\n<td><img loading=\"lazy\" decoding=\"async\" class=\"alignnone\" title=\"Gute Zeiten Schlechte Zeiten\" src=\"http:\/\/www.soaplexikon.de\/image\/gzsz_kl.jpg\" alt=\"\" width=\"100\" height=\"100\" \/><\/td>\n<td>Keine t\u00e4gliche Serie im deutschen Fernsehen ist erfolgreicher als &#8222;Gute Zeiten Schlechte Zeiten&#8220;. Seit 1992 ist der Titel Programm: Liebe und Hass, Freundschaft und Feindschaft, Intrigen und B\u00fcndnisse \u2013 in dem Berliner Kiez ist immer etwas los.<\/td>\n<\/tr>\n<\/tbody>\n<\/table>\n<p><!--more-->Und so geht es ab September 2013 weiter:<br \/>\nJasmin (<a title=\"Janina Uhse\" href=\"http:\/\/soaplexikon.de\/cms\/gute-zeiten-schlechte-zeiten-social-spot-uber-jugendnotmail\/\" target=\"_blank\" rel=\"noopener noreferrer\">Janina Uhse<\/a>) und Kurt (<a title=\"Tim Williams\" href=\"http:\/\/soaplexikon.de\/cms\/gute-zeiten-schlechte-zeiten-erstes-dark-circle-knights-video-until-my-dying-day\/\" target=\"_blank\" rel=\"noopener noreferrer\">Tim Williams<\/a>) werden zum absoluten Glam-Rock-Paar und bekommen ihre eigene Reality-Show &#8222;Kurt und Jasmin Backstage&#8220;. W\u00e4hrend Jasmin bei den witzigen Drehs immer mehr Gas gibt, ist Kurt von der Vermarktung ihres Privatlebens zunehmend genervt. Immer wieder kommt es zu Streits vor laufender Kamera \u2013 und Jasmin wird in der \u00d6ffentlichkeit zur neuen Superzicke! Sogar ihre Ehe steht dadurch auf dem Spiel&#8230;<\/p>\n<p>Tuner (<a title=\"Thomas Drechsel\" href=\"http:\/\/soaplexikon.de\/cms\/die-pool-champions-interview-mit-thomas-drechsel\/\" target=\"_blank\" rel=\"noopener noreferrer\">Thomas Drechsel<\/a>) und Dominik (Ra\u00fal Richter) betreiben das Vereinsheim mittlerweile allein, und zwischen beiden kommt es immer wieder zu kleinen Rivalit\u00e4ten in Sachen Frauen und Gesch\u00e4ftsf\u00fchrung. Da taucht die temperamentvolle Friseurin Nele (<a title=\"Ramona Dempsey\" href=\"http:\/\/soaplexikon.de\/cms\/gute-zeiten-schlechte-zeiten-ramona-dempsey-steigt-als-nele-lehmann-ein\/\" target=\"_blank\" rel=\"noopener noreferrer\">Ramona Dempsey<\/a>) auf, die nun endlich ihren Mr. Right finden will. Dabei haut Dominik sie mit seinem sexy Charme sofort um, und wider besseres Wissen l\u00e4sst sie sich auf eine hei\u00dfe Aff\u00e4re ein. Tuner dagegen muss Nele so manches Mal \u2013 als Kumpel \u2013 bei Liebeskummer tr\u00f6sten, obwohl er Nele selbst ganz s\u00fc\u00df findet&#8230;<\/p>\n<p>Nachdem Emily (<a title=\"Anne Menden\" href=\"http:\/\/soaplexikon.de\/cms\/gute-zeiten-schlechte-zeiten-emilia-klauk-spielt-kate-hofer\/\" target=\"_blank\" rel=\"noopener noreferrer\">Anne Menden<\/a>) ihr Baby an Ayla (<a title=\"S\u0131la \u015eahin\" href=\"http:\/\/soaplexikon.de\/cms\/gute-zeiten-schlechte-zeiten-interview-mit-sila-sahin-jorn-schlonvoigt\/\" target=\"_blank\" rel=\"noopener noreferrer\">S\u0131la \u015eahin<\/a>) und Philipp (<a title=\"J\u00f6rn Schl\u00f6nvoigt\" href=\"http:\/\/soaplexikon.de\/cms\/gute-zeiten-schlechte-zeiten-jorn-schlonvoigt-zeigt-herz-fur-tiere\/\" target=\"_blank\" rel=\"noopener noreferrer\">J\u00f6rn Schl\u00f6nvoigt<\/a>) abgegeben hat, will sie mit Tayfun ihr Luxusleben genie\u00dfen und mit ihrem Stylingladen voll durchstarten. Pflegemutter Ayla genie\u00dft ihr Muttersein sichtlich \u2013 bis pl\u00f6tzlich Philipps und Emilys Mutter nach \u00fcber zehn Jahren wieder auftaucht und es zu einer Ann\u00e4herung zwischen Emily und ihrem Baby kommt. Wie lange l\u00e4sst sich die Patchwork-Familie noch aufrechterhalten?<\/p>\n<p>Bei den Quoten spielt GZSZ nach wie vor in der ersten Liga: Im Zeitraum Januar bis Mai 2013 wurden durchschnittlich 3,49 Millionen Zuschauer erreicht. Der Marktanteil lag bei 17,9 Prozent (14 bis 59 Jahre).<\/p>\n<p>\u00a9 RTL Kommunikation<\/p>\n","protected":false},"excerpt":{"rendered":"<p>Keine t\u00e4gliche Serie im deutschen Fernsehen ist erfolgreicher als &#8222;Gute Zeiten Schlechte Zeiten&#8220;. Seit 1992 ist der Titel Programm: Liebe und Hass, Freundschaft und Feindschaft, Intrigen und B\u00fcndnisse \u2013 in dem Berliner Kiez ist immer etwas los.<\/p>\n","protected":false},"author":4,"featured_media":0,"comment_status":"open","ping_status":"open","sticky":false,"template":"","format":"standard","meta":{"footnotes":""},"categories":[38],"tags":[1070,1071,1072,1073,891],"class_list":["post-25804","post","type-post","status-publish","format-standard","hentry","category-gute-zeiten-schlechte-zeiten","tag-backstage","tag-behind-the-scenes","tag-hinter-den-kulissen","tag-making-of","tag-sila-sahin"],"_links":{"self":[{"href":"https:\/\/soaplexikon.de\/cms\/wp-json\/wp\/v2\/posts\/25804","targetHints":{"allow":["GET"]}}],"collection":[{"href":"https:\/\/soaplexikon.de\/cms\/wp-json\/wp\/v2\/posts"}],"about":[{"href":"https:\/\/soaplexikon.de\/cms\/wp-json\/wp\/v2\/types\/post"}],"author":[{"embeddable":true,"href":"https:\/\/soaplexikon.de\/cms\/wp-json\/wp\/v2\/users\/4"}],"replies":[{"embeddable":true,"href":"https:\/\/soaplexikon.de\/cms\/wp-json\/wp\/v2\/comments?post=25804"}],"version-history":[{"count":9,"href":"https:\/\/soaplexikon.de\/cms\/wp-json\/wp\/v2\/posts\/25804\/revisions"}],"predecessor-version":[{"id":44638,"href":"https:\/\/soaplexikon.de\/cms\/wp-json\/wp\/v2\/posts\/25804\/revisions\/44638"}],"wp:attachment":[{"href":"https:\/\/soaplexikon.de\/cms\/wp-json\/wp\/v2\/media?parent=25804"}],"wp:term":[{"taxonomy":"category","embeddable":true,"href":"https:\/\/soaplexikon.de\/cms\/wp-json\/wp\/v2\/categories?post=25804"},{"taxonomy":"post_tag","embeddable":true,"href":"https:\/\/soaplexikon.de\/cms\/wp-json\/wp\/v2\/tags?post=25804"}],"curies":[{"name":"wp","href":"https:\/\/api.w.org\/{rel}","templated":true}]}}