{"id":25590,"date":"2013-06-27T15:00:07","date_gmt":"2013-06-27T13:00:07","guid":{"rendered":"http:\/\/soaplexikon.de\/cms\/?p=25590"},"modified":"2014-04-21T00:46:12","modified_gmt":"2014-04-20T22:46:12","slug":"gute-zeiten-schlechte-zeiten-gerners-wahlkampf-im-superwahljahr-2013","status":"publish","type":"post","link":"https:\/\/soaplexikon.de\/cms\/gute-zeiten-schlechte-zeiten-gerners-wahlkampf-im-superwahljahr-2013\/","title":{"rendered":"Gute Zeiten Schlechte Zeiten: Gerners Wahlkampf im Superwahljahr 2013"},"content":{"rendered":"<table border=\"0\">\n<tbody>\n<tr>\n<td><img loading=\"lazy\" decoding=\"async\" class=\"alignnone\" title=\"Gute Zeiten Schlechte Zeiten\" src=\"http:\/\/www.soaplexikon.de\/image\/gzsz_kl.jpg\" alt=\"\" width=\"100\" height=\"100\" \/><\/td>\n<td>Politische Karriere will Gerner mit der FWM (Freie W\u00e4hlergemeinschaft Mitte) machen, seinen Einfluss auf die Gesellschaft erh\u00f6hen und letztlich auch Best\u00e4tigung von Freunden und vor allem von seiner Familie ernten. Der Star-Anwalt, gespielt von <a title=\"Wolfgang Bahro\" href=\"http:\/\/soaplexikon.de\/cms\/gute-zeiten-schlechte-zeiten-wolfgang-bahro-20-jahre-bei-gzsz\/\" target=\"_blank\">Wolfgang Bahro<\/a> (52), steckt mitten im gro\u00dfen Wahlkampf, der aktuell in der RTL-Erfolgsserie &#8222;Gute Zeiten, schlechte Zeiten&#8220; stattfindet. Ab Folge 5.274 am 27. Juni 2013 beginnt Gerners Wahlkampf mit einer Pressekonferenz \u00fcber seine politischen Ziele.<\/td>\n<\/tr>\n<\/tbody>\n<\/table>\n<p><!--more-->Der renommierte Anwalt Prof. Jo Gerner wittert seine Chance, die Kandidatur zu \u00fcbernehmen, und findet dadurch seinen unersch\u00fctterlichen Kampfgeist wieder. Auch die Drohungen seiner Ex-Frau Katrin, seine angebliche Alkoholsucht zu offenbaren, k\u00f6nnen ihn nicht stoppen.<\/p>\n<p>Wolfgang Bahro h\u00e4lt seine Serienfigur f\u00fcr durchaus geeignet, den Platz des Bezirksb\u00fcrgermeisters einzunehmen: &#8222;Gerner ist sehr ehrgeizig und erfolgsorientiert. Wenn er einen W\u00e4hlerauftrag hat, wird er mit allen Mitteln versuchen, diesen zu erf\u00fcllen.&#8220;<\/p>\n<p>Gerner nimmt sich letztendlich Jasmins Stiftung zu Hilfe und unterst\u00fctzt sie, um zugleich auch sein Bild in der \u00d6ffentlichkeit, als sozialer und vorbildlicher Politiker, zu st\u00e4rken.<\/p>\n<p>Bahro zu Gerners Verbissenheit: &#8222;Ich glaube, Gerner geht es vor allem um Best\u00e4tigung. Er m\u00f6chte B\u00fcrgermeister werden, weil ihm das noch gr\u00f6\u00dferes Ansehen und gr\u00f6\u00dferen Einfluss verschafft. Dennoch ist ihm auch sein politischer Auftrag wichtig. Er steht f\u00fcr soziale Kompetenz ein und w\u00fcrde seine Ziele auch im Sinne seiner W\u00e4hler durchsetzen.&#8220;<\/p>\n<p>Von Berlins amtierendem Regierenden B\u00fcrgermeister Klaus Wowereit hat Wolfgang Bahro auch schon Unterst\u00fctzung und Wahlmotivation bekommen: &#8222;Jedes Mal, wenn ich Klaus Wowereit getroffen habe und mit ihm \u00fcber Gerners politische Ziele redete, war er sehr angetan und w\u00fcnschte mir und Gerner viel Erfolg f\u00fcr die Wahl. Nat\u00fcrlich war das nur spa\u00dfig gemeint. Vermutlich w\u00fcrde Wowereit aber dann noch \u00f6fter GZSZ schauen, um sich dar\u00fcber zu am\u00fcsieren, wie sich Gerner so auf dem politischen Parkett schl\u00e4gt&#8220;, scherzt Bahro.<\/p>\n<p>Der Schauspieler Wolfgang Bahro findet, dass Politik eine wichtige Rolle f\u00fcr das Miteinander in der Gesellschaft spielt. Deswegen: &#8222;Politische Verantwortung beginnt mit der Wahl. Geht bitte w\u00e4hlen. Nur wer w\u00e4hlen geht, kann auch etwas ver\u00e4ndern.&#8220;<\/p>\n<p>\u00a9 RTL Kommunikation<\/p>\n","protected":false},"excerpt":{"rendered":"<p>Politische Karriere will Gerner mit der FWM (Freie W\u00e4hlergemeinschaft Mitte) machen, seinen Einfluss auf die Gesellschaft erh\u00f6hen und letztlich auch Best\u00e4tigung von Freunden und vor allem von seiner Familie ernten. Der Star-Anwalt, gespielt von Wolfgang Bahro (52), steckt mitten im gro\u00dfen Wahlkampf, der aktuell in der RTL-Erfolgsserie &#8222;Gute Zeiten, schlechte Zeiten&#8220; stattfindet. Ab Folge 5.274 [&hellip;]<\/p>\n","protected":false},"author":4,"featured_media":0,"comment_status":"open","ping_status":"open","sticky":false,"template":"","format":"standard","meta":{"footnotes":""},"categories":[38],"tags":[],"class_list":["post-25590","post","type-post","status-publish","format-standard","hentry","category-gute-zeiten-schlechte-zeiten"],"_links":{"self":[{"href":"https:\/\/soaplexikon.de\/cms\/wp-json\/wp\/v2\/posts\/25590","targetHints":{"allow":["GET"]}}],"collection":[{"href":"https:\/\/soaplexikon.de\/cms\/wp-json\/wp\/v2\/posts"}],"about":[{"href":"https:\/\/soaplexikon.de\/cms\/wp-json\/wp\/v2\/types\/post"}],"author":[{"embeddable":true,"href":"https:\/\/soaplexikon.de\/cms\/wp-json\/wp\/v2\/users\/4"}],"replies":[{"embeddable":true,"href":"https:\/\/soaplexikon.de\/cms\/wp-json\/wp\/v2\/comments?post=25590"}],"version-history":[{"count":1,"href":"https:\/\/soaplexikon.de\/cms\/wp-json\/wp\/v2\/posts\/25590\/revisions"}],"predecessor-version":[{"id":25591,"href":"https:\/\/soaplexikon.de\/cms\/wp-json\/wp\/v2\/posts\/25590\/revisions\/25591"}],"wp:attachment":[{"href":"https:\/\/soaplexikon.de\/cms\/wp-json\/wp\/v2\/media?parent=25590"}],"wp:term":[{"taxonomy":"category","embeddable":true,"href":"https:\/\/soaplexikon.de\/cms\/wp-json\/wp\/v2\/categories?post=25590"},{"taxonomy":"post_tag","embeddable":true,"href":"https:\/\/soaplexikon.de\/cms\/wp-json\/wp\/v2\/tags?post=25590"}],"curies":[{"name":"wp","href":"https:\/\/api.w.org\/{rel}","templated":true}]}}