{"id":2529,"date":"2012-01-04T16:30:55","date_gmt":"2012-01-04T15:30:55","guid":{"rendered":"http:\/\/soaplexikon.de\/cms\/?p=2529"},"modified":"2014-12-06T14:05:54","modified_gmt":"2014-12-06T13:05:54","slug":"rote-rosen-eure-haufigsten-fragen","status":"publish","type":"post","link":"https:\/\/soaplexikon.de\/cms\/rote-rosen-eure-haufigsten-fragen\/","title":{"rendered":"Rote Rosen: eure h\u00e4ufigsten Fragen"},"content":{"rendered":"<table border=\"0\">\n<tbody>\n<tr>\n<td><img loading=\"lazy\" decoding=\"async\" class=\"alignnone\" title=\"Rote Rosen\" src=\"http:\/\/www.soaplexikon.de\/image\/rr.jpg\" alt=\"\" width=\"100\" height=\"100\" \/><\/td>\n<td>Steigt Gerry Hungbauer bei Rote Rosen aus?<br \/>\nGerry Hungbauer hatte nur eine l\u00e4ngere Drehpause. Er war weiterhin im Drehspiegel gelistet und ist ab Ende des Monats wieder im Fernsehen zu sehen.<\/td>\n<\/tr>\n<\/tbody>\n<\/table>\n<p><!--more--><\/p>\n<p>Wird Mona Klare 2012 noch mal bei Rote Rosen mitspielen?<br \/>\nEs wurde zwar in der 1000.Folge gesagt, dass &#8222;Gesa&#8220; und &#8222;Tim&#8220; zur\u00fcckkehren werden, da ihre M\u00f6bel in L\u00fcneburg gelagert sind. Aber die meisten Zuschauer haben diese Information mit Sicherheit wieder vergessen. Und nur zum Abholen der M\u00f6bel, macht eine R\u00fcckkehr keinen Sinn, da aus der &#8222;Gesa &amp; Tim&#8220;-Staffel keine engere Bezugsperson mehr da ist.<\/p>\n<p>Wer spielte Oberstaatsanwalt &#8222;Held&#8220; bei Rote Rosen?<br \/>\nAndreas Kaufmann spielte im herbst 2011 die Rolle des Oberstattsanwalts.<\/p>\n<p>Wer spielt in der 8.Staffel Rote Rosen mit &amp; wen spielt Falk-Willy Wild?<br \/>\nAlle Informationen zur achten Staffel, die ab Februar im Ersten zu sehen ist, findet ihr <a title=\"hier\" href=\"http:\/\/soaplexikon.de\/cms\/rote-rosen-das-neue-protagonistenpaar\/\" target=\"_blank\">hier<\/a>.<\/p>\n","protected":false},"excerpt":{"rendered":"<p>Steigt Gerry Hungbauer bei Rote Rosen aus? Gerry Hungbauer hatte nur eine l\u00e4ngere Drehpause. Er war weiterhin im Drehspiegel gelistet und ist ab Ende des Monats wieder im Fernsehen zu sehen.<\/p>\n","protected":false},"author":2,"featured_media":0,"comment_status":"open","ping_status":"open","sticky":false,"template":"","format":"standard","meta":{"footnotes":""},"categories":[1,77],"tags":[],"class_list":["post-2529","post","type-post","status-publish","format-standard","hentry","category-soaplexikon","category-rote-rosen"],"_links":{"self":[{"href":"https:\/\/soaplexikon.de\/cms\/wp-json\/wp\/v2\/posts\/2529","targetHints":{"allow":["GET"]}}],"collection":[{"href":"https:\/\/soaplexikon.de\/cms\/wp-json\/wp\/v2\/posts"}],"about":[{"href":"https:\/\/soaplexikon.de\/cms\/wp-json\/wp\/v2\/types\/post"}],"author":[{"embeddable":true,"href":"https:\/\/soaplexikon.de\/cms\/wp-json\/wp\/v2\/users\/2"}],"replies":[{"embeddable":true,"href":"https:\/\/soaplexikon.de\/cms\/wp-json\/wp\/v2\/comments?post=2529"}],"version-history":[{"count":26,"href":"https:\/\/soaplexikon.de\/cms\/wp-json\/wp\/v2\/posts\/2529\/revisions"}],"predecessor-version":[{"id":27583,"href":"https:\/\/soaplexikon.de\/cms\/wp-json\/wp\/v2\/posts\/2529\/revisions\/27583"}],"wp:attachment":[{"href":"https:\/\/soaplexikon.de\/cms\/wp-json\/wp\/v2\/media?parent=2529"}],"wp:term":[{"taxonomy":"category","embeddable":true,"href":"https:\/\/soaplexikon.de\/cms\/wp-json\/wp\/v2\/categories?post=2529"},{"taxonomy":"post_tag","embeddable":true,"href":"https:\/\/soaplexikon.de\/cms\/wp-json\/wp\/v2\/tags?post=2529"}],"curies":[{"name":"wp","href":"https:\/\/api.w.org\/{rel}","templated":true}]}}