{"id":25144,"date":"2013-07-01T00:10:10","date_gmt":"2013-06-30T22:10:10","guid":{"rendered":"http:\/\/soaplexikon.de\/cms\/?p=25144"},"modified":"2014-04-21T02:13:50","modified_gmt":"2014-04-21T00:13:50","slug":"us-soap-news-prime-time-juni-2013","status":"publish","type":"post","link":"https:\/\/soaplexikon.de\/cms\/us-soap-news-prime-time-juni-2013\/","title":{"rendered":"US-Soap News: Prime-Time Juni 2013 (UPDATED)"},"content":{"rendered":"<table border=\"0\">\n<tbody>\n<tr>\n<td><img loading=\"lazy\" decoding=\"async\" class=\"alignnone\" title=\"The Haves and the Have Nots\" src=\"http:\/\/www.soaplexikon.de\/image\/haves.jpg\" alt=\"\" width=\"100\" height=\"100\" \/><\/td>\n<td>In den News der US Prime-Time Soaps geht es im Juni 2013 u.a. um &#8222;Revenge&#8220;.<\/td>\n<\/tr>\n<\/tbody>\n<\/table>\n<p><!--more--><\/p>\n<table border=\"0\">\n<tbody>\n<tr>\n<td colspan=\"2\">Grey&#8217;s Anatomy:<\/td>\n<\/tr>\n<tr>\n<td rowspan=\"2\"><img loading=\"lazy\" decoding=\"async\" class=\"alignnone\" title=\"Grey\u2019s Anatomy\" src=\"http:\/\/www.soaplexikon.de\/image\/ga.jpg\" alt=\"\" width=\"100\" height=\"100\" \/><\/td>\n<td>Gaius Charles, Tessa Ferrer, Jerrika Hinton und Camilla Luddington, welche die vier neuen Assistenz\u00e4rzte seit der letzten Staffel verk\u00f6rpern, wurden von Neben- zu Hauptdarstellern bef\u00f6rdert.<\/td>\n<\/tr>\n<tr>\n<td>Tina Majorino, welche die f\u00fcnfte im Team war, wird wahrscheinlich nicht zur\u00fcckkehren, da sie beim Sender TNT f\u00fcr eine andere Serie unter Vertrag steht.<\/td>\n<\/tr>\n<tr>\n<td colspan=\"2\"><\/td>\n<\/tr>\n<tr>\n<td colspan=\"2\">Nashville:<\/td>\n<\/tr>\n<tr>\n<td><img loading=\"lazy\" decoding=\"async\" class=\"alignnone\" title=\"Nashville\" src=\"http:\/\/www.soaplexikon.de\/image\/nashville.jpg\" alt=\"\" width=\"100\" height=\"100\" \/><\/td>\n<td>Der Komponist T Bone Burnett, der in der ersten Nashville-Staffel hauptverantwortlich war f\u00fcr die Songs und den Score, wird in der zweiten Staffel aus zeitlichen Gr\u00fcnden nicht mehr dabei sein. Buddy Miller, der bereits seit Serienstart zum Musik-Team geh\u00f6rt, wird ihn ersetzen.<\/td>\n<\/tr>\n<tr>\n<td colspan=\"2\"><\/td>\n<\/tr>\n<tr>\n<td colspan=\"2\">Parenthood:<\/td>\n<\/tr>\n<tr>\n<td><img loading=\"lazy\" decoding=\"async\" class=\"alignnone\" title=\"Parenthood\" src=\"http:\/\/www.soaplexikon.de\/image\/parenthood.jpg\" alt=\"\" width=\"100\" height=\"100\" \/><\/td>\n<td>Ray Romano, der in der 4. Staffel als Hank Rizzoli zu sehen war, kehrt auch in der 5. Staffel zur\u00fcck. Er soll in 12 bis 15 Folgen zu sehen sein.<\/td>\n<\/tr>\n<tr>\n<td colspan=\"2\"><\/td>\n<\/tr>\n<tr>\n<td colspan=\"2\">Pretty Little Liars:<\/td>\n<\/tr>\n<tr>\n<td><img loading=\"lazy\" decoding=\"async\" class=\"alignnone\" title=\"Pretty Little Liars\" src=\"http:\/\/www.soaplexikon.de\/image\/pll.jpg\" alt=\"\" width=\"100\" height=\"100\" \/><\/td>\n<td>Kamar de los Reyes, der von 1995 bis 2009 Antonio Vega bei OLTL verk\u00f6rperte, hat eine Gastrolle bei PLL ergattert. Bisher ist lediglich bekannt, dass er einen Schwimmtrainer verk\u00f6rpert.<\/td>\n<\/tr>\n<tr>\n<td colspan=\"2\"><\/td>\n<\/tr>\n<tr>\n<td colspan=\"2\">Revenge:<\/td>\n<\/tr>\n<tr>\n<td><img loading=\"lazy\" decoding=\"async\" class=\"alignnone\" title=\"Revenge\" src=\"http:\/\/www.soaplexikon.de\/image\/revenge.jpg\" alt=\"\" width=\"100\" height=\"100\" \/><\/td>\n<td>Ashley Madekwe, die in den ersten beiden Staffeln der ABC-Soap als Ashley Davenport zu sehen war, wird in der dritten Staffel nicht mehr mit an Bord sein. Angeblich sei in der Handlung kein Platz mehr f\u00fcr die Rolle.<\/td>\n<\/tr>\n<tr>\n<td colspan=\"2\"><\/td>\n<\/tr>\n<tr>\n<td colspan=\"2\">Scandal:<\/td>\n<\/tr>\n<tr>\n<td><img loading=\"lazy\" decoding=\"async\" class=\"alignnone\" title=\"Scandal\" src=\"http:\/\/www.soaplexikon.de\/image\/scandal.jpg\" alt=\"\" width=\"100\" height=\"100\" \/><\/td>\n<td>Scott Foley, der in der 2. Staffel der Polit-Soap zum Cast als Nebenrolle Jake Ballard hinzugesto\u00dfen war, wird in der 3. Staffel im Hauptcast zu sehen sein.<\/td>\n<\/tr>\n<tr>\n<td colspan=\"2\"><\/td>\n<\/tr>\n<tr>\n<td colspan=\"2\">The Haves and the Have Nots:<\/td>\n<\/tr>\n<tr>\n<td><img loading=\"lazy\" decoding=\"async\" class=\"alignnone\" title=\"The Haves and the Have Nots\" src=\"http:\/\/www.soaplexikon.de\/image\/haves.jpg\" alt=\"\" width=\"100\" height=\"100\" \/><\/td>\n<td>Tyler Perrys Prime-Time-Soap ist auf Oprah Winfreys Sender OWN so gut gestartet, dass die Episodenbestellung verdoppelt wurde. Die erste Staffel kommt somit auf 32 Folgen. Die Staffel wird, wie z.B. bei Kabelsendern wie ABC Family \u00fcblich, gesplittet. Am 3. September 2013 l\u00e4uft das Halbstaffelfinale; weiter geht es dann im Fr\u00fchjahr 2014.<\/td>\n<\/tr>\n<\/tbody>\n<\/table>\n<p><\/p>\n","protected":false},"excerpt":{"rendered":"<p>In den News der US Prime-Time Soaps geht es im Juni 2013 u.a. um &#8222;Revenge&#8220;.<\/p>\n","protected":false},"author":3,"featured_media":0,"comment_status":"open","ping_status":"open","sticky":false,"template":"","format":"standard","meta":{"footnotes":""},"categories":[460,269,232,234,407,548,178],"tags":[],"class_list":["post-25144","post","type-post","status-publish","format-standard","hentry","category-greys-anatomy","category-nashville","category-parenthood","category-pretty-little-liars","category-scandal","category-the-haves-and-the-have-nots","category-us-soaps"],"_links":{"self":[{"href":"https:\/\/soaplexikon.de\/cms\/wp-json\/wp\/v2\/posts\/25144","targetHints":{"allow":["GET"]}}],"collection":[{"href":"https:\/\/soaplexikon.de\/cms\/wp-json\/wp\/v2\/posts"}],"about":[{"href":"https:\/\/soaplexikon.de\/cms\/wp-json\/wp\/v2\/types\/post"}],"author":[{"embeddable":true,"href":"https:\/\/soaplexikon.de\/cms\/wp-json\/wp\/v2\/users\/3"}],"replies":[{"embeddable":true,"href":"https:\/\/soaplexikon.de\/cms\/wp-json\/wp\/v2\/comments?post=25144"}],"version-history":[{"count":7,"href":"https:\/\/soaplexikon.de\/cms\/wp-json\/wp\/v2\/posts\/25144\/revisions"}],"predecessor-version":[{"id":25404,"href":"https:\/\/soaplexikon.de\/cms\/wp-json\/wp\/v2\/posts\/25144\/revisions\/25404"}],"wp:attachment":[{"href":"https:\/\/soaplexikon.de\/cms\/wp-json\/wp\/v2\/media?parent=25144"}],"wp:term":[{"taxonomy":"category","embeddable":true,"href":"https:\/\/soaplexikon.de\/cms\/wp-json\/wp\/v2\/categories?post=25144"},{"taxonomy":"post_tag","embeddable":true,"href":"https:\/\/soaplexikon.de\/cms\/wp-json\/wp\/v2\/tags?post=25144"}],"curies":[{"name":"wp","href":"https:\/\/api.w.org\/{rel}","templated":true}]}}