{"id":24435,"date":"2013-05-03T10:00:34","date_gmt":"2013-05-03T08:00:34","guid":{"rendered":"http:\/\/soaplexikon.de\/cms\/?p=24435"},"modified":"2014-04-15T20:08:51","modified_gmt":"2014-04-15T18:08:51","slug":"gute-zeiten-schlechte-zeiten-iris-mareike-steen-fur-die-rolle-platinblond","status":"publish","type":"post","link":"https:\/\/soaplexikon.de\/cms\/gute-zeiten-schlechte-zeiten-iris-mareike-steen-fur-die-rolle-platinblond\/","title":{"rendered":"Gute Zeiten Schlechte Zeiten: Iris Mareike Steen f\u00fcr die Rolle platinblond"},"content":{"rendered":"<table border=\"0\">\n<tbody>\n<tr>\n<td><img loading=\"lazy\" decoding=\"async\" class=\"alignnone\" title=\"Gute Zeiten Schlechte Zeiten\" src=\"http:\/\/www.soaplexikon.de\/image\/gzsz_kl.jpg\" alt=\"\" width=\"100\" height=\"100\" \/><\/td>\n<td>Alles neu macht der Mai: GZSZ-Star <a title=\"Iris Mareike Steen\" href=\"http:\/\/soaplexikon.de\/cms\/gute-zeiten-schlechte-zeiten-interview-mit-iris-mareike-steen\/\" target=\"_blank\">Iris Mareike Steen<\/a> (21) pr\u00e4sentiert sich ab sofort platinblond. Die Schauspielerin lie\u00df ihre bislang dunkelblonde M\u00e4hne aufw\u00e4ndig von GZSZ-Maskenchefin Iris Gr\u00e4ser f\u00e4rben und ist nun quasi das hellste K\u00f6pfchen am Set der RTL-Serie.<\/td>\n<\/tr>\n<\/tbody>\n<\/table>\n<p><!--more--><\/p>\n<p>Der neue Look hatte zun\u00e4chst nur rein dienstliche Gr\u00fcnde: &#8222;Die Typver\u00e4nderung war so im Drehbuch vorgesehen. Unsere Producerin Marie H\u00f6lker hat mich gefragt, ob ich dazu bereit w\u00e4re&#8220;, erkl\u00e4rt Steen. &#8222;Ich finde Ver\u00e4nderungen immer gut, also ging dann alles ganz schnell.&#8220;<\/p>\n<p>Ihre Serien-Figur Lilly Seefeld leidet unter Ess-St\u00f6rungen, Liebeskummer, H\u00e4nseleien und Problemen mit der Familie. Sie macht gro\u00dfe Ver\u00e4nderungen durch. Steen: &#8222;Durch die <a title=\"Bulimie\" href=\"http:\/\/soaplexikon.de\/cms\/gute-zeiten-schlechte-zeiten-mobbing-und-essstorung\/\" target=\"_blank\">Bulimie<\/a> ist Lilly ein sehr extremer Mensch geworden. Das sollte auch nach au\u00dfen hin sichtbar werden.&#8220; Das erste Mal zu sehen ist Lilly mit der neuen Frisur bei GZSZ in Folge 5.262 (Ausstrahlung am 11.06.2013).<\/p>\n<p>Eine deutliche Ver\u00e4nderung, die anfangs auch der Schauspielerin zu schaffen machte. &#8222;Zuerst war ich leicht geschockt, als ich in den Spiegel geschaut habe. Aber inzwischen bin ich wirklich gl\u00fccklich mit dem hellen blond.&#8220;<\/p>\n<p style=\"text-align: center;\"><img loading=\"lazy\" decoding=\"async\" title=\"Iris Mareike Steen (2013)\" src=\"http:\/\/www.soaplexikon.de\/image\/iris-mareike-steen_gzsz_2013\" alt=\"\" width=\"287\" height=\"432\" \/><\/p>\n<p style=\"text-align: center;\">\u00a9 RTL \/ Rolf Baumgartner<\/p>\n<p>Die Zuschauer erwarten bei Lilly noch weitere optische \u00dcberraschungen. &#8222;Der Ver\u00e4nderungsprozess ist auf jeden Fall noch nicht abgeschlossen und man darf gespannt sein&#8220;, k\u00fcndigt Steen an.<\/p>\n<p>Die platinblonden Haare kann Steen nat\u00fcrlich nicht nach Drehschluss ablegen &#8211; doch im Freundeskreis wurde die Ver\u00e4nderung positiv aufgenommen. &#8222;Nat\u00fcrlich war es f\u00fcr die meisten am Anfang genauso ungewohnt, wie f\u00fcr mich. Aber jetzt haben sich alle dran gew\u00f6hnt, und ich kriege sehr viele Komplimente. Das ist nat\u00fcrlich eine Erleichterung, es h\u00e4tte ja auch ganz anders laufen k\u00f6nnen.&#8220;<\/p>\n<p>Ein Urteil war ihr ganz besonders wichtig &#8211; das ihres Freundes Kevin. &#8222;Er musste sich auch erst einmal an die &#8222;neue Iris&#8220; gew\u00f6hnen, aber er findet mich sch\u00f6n wie ich bin, und inzwischen gef\u00e4llt es ihm sogar besser als vorher.&#8220;<\/p>\n<p>\u00a9 RTL Kommunikation<\/p>\n","protected":false},"excerpt":{"rendered":"<p>Alles neu macht der Mai: GZSZ-Star Iris Mareike Steen (21) pr\u00e4sentiert sich ab sofort platinblond. Die Schauspielerin lie\u00df ihre bislang dunkelblonde M\u00e4hne aufw\u00e4ndig von GZSZ-Maskenchefin Iris Gr\u00e4ser f\u00e4rben und ist nun quasi das hellste K\u00f6pfchen am Set der RTL-Serie.<\/p>\n","protected":false},"author":4,"featured_media":0,"comment_status":"open","ping_status":"open","sticky":false,"template":"","format":"standard","meta":{"footnotes":""},"categories":[38],"tags":[],"class_list":["post-24435","post","type-post","status-publish","format-standard","hentry","category-gute-zeiten-schlechte-zeiten"],"_links":{"self":[{"href":"https:\/\/soaplexikon.de\/cms\/wp-json\/wp\/v2\/posts\/24435","targetHints":{"allow":["GET"]}}],"collection":[{"href":"https:\/\/soaplexikon.de\/cms\/wp-json\/wp\/v2\/posts"}],"about":[{"href":"https:\/\/soaplexikon.de\/cms\/wp-json\/wp\/v2\/types\/post"}],"author":[{"embeddable":true,"href":"https:\/\/soaplexikon.de\/cms\/wp-json\/wp\/v2\/users\/4"}],"replies":[{"embeddable":true,"href":"https:\/\/soaplexikon.de\/cms\/wp-json\/wp\/v2\/comments?post=24435"}],"version-history":[{"count":2,"href":"https:\/\/soaplexikon.de\/cms\/wp-json\/wp\/v2\/posts\/24435\/revisions"}],"predecessor-version":[{"id":33488,"href":"https:\/\/soaplexikon.de\/cms\/wp-json\/wp\/v2\/posts\/24435\/revisions\/33488"}],"wp:attachment":[{"href":"https:\/\/soaplexikon.de\/cms\/wp-json\/wp\/v2\/media?parent=24435"}],"wp:term":[{"taxonomy":"category","embeddable":true,"href":"https:\/\/soaplexikon.de\/cms\/wp-json\/wp\/v2\/categories?post=24435"},{"taxonomy":"post_tag","embeddable":true,"href":"https:\/\/soaplexikon.de\/cms\/wp-json\/wp\/v2\/tags?post=24435"}],"curies":[{"name":"wp","href":"https:\/\/api.w.org\/{rel}","templated":true}]}}