{"id":23245,"date":"2013-03-05T11:30:23","date_gmt":"2013-03-05T10:30:23","guid":{"rendered":"http:\/\/soaplexikon.de\/cms\/?p=23245"},"modified":"2015-01-24T11:15:23","modified_gmt":"2015-01-24T10:15:23","slug":"the-vampire-diaries-die-neue-staffel-ab-7-marz-auf-sixx","status":"publish","type":"post","link":"https:\/\/soaplexikon.de\/cms\/the-vampire-diaries-die-neue-staffel-ab-7-marz-auf-sixx\/","title":{"rendered":"The Vampire Diaries: Die neue Staffel ab 7. M\u00e4rz auf sixx"},"content":{"rendered":"<table border=\"0\">\n<tbody>\n<tr>\n<td><img loading=\"lazy\" decoding=\"async\" class=\"alignnone\" title=\"The Vampire Diaries\" src=\"http:\/\/www.soaplexikon.de\/image\/tvd.jpg\" alt=\"\" width=\"100\" height=\"100\" \/><\/td>\n<td>\n<p>Die Senderin zeigt ab Donnerstag, 7. M\u00e4rz 2013, ab 20.15 Uhr gleich drei brandneue Folgen der vierten Staffel &#8222;The Vampire Diaries&#8220; als Deutschland-Premiere.<\/p>\n<p>Vorsicht: SPOILER!<\/p>\n<p>&nbsp;<\/td>\n<\/tr>\n<\/tbody>\n<\/table>\n<p><!--more--><\/p>\n<p>In den neuen Episoden erlebt Elena (Nina Dobrev) ihren pers\u00f6nlichen Albtraum: Sie verwandelt sich in einen Vampir! W\u00e4hrend die junge Frau versucht, die H\u00f6hen und Tiefen ihres neuen Vampir-Daseins zu bew\u00e4ltigen, entbrennt zwischen Stefan (Paul Wesley) und Damon (Ian Somerhalder) ein erbitterter Streit. Die beiden k\u00f6nnen sich nicht dar\u00fcber einigen, was jetzt das Beste f\u00fcr Elena ist. Doch damit nicht genug: Als Vampir f\u00fchlt sich Elena immer mehr zu Damon hingezogen. Verliert Stefan seine gro\u00dfe Liebe ausgerechnet an seinen Bruder?<\/p>\n<p>&#8222;The Vampire Diaries&#8220; &#8211; die vierte Staffel ab 7. M\u00e4rz 2013, zum Start mit drei Folgen, donnerstags um 20.15 Uhr als Deutschland-Premiere auf sixx<\/p>\n<p>\u00a9 ProSiebenSat.1 TV Deutschland GmbH<\/p>\n","protected":false},"excerpt":{"rendered":"<p>Die Senderin zeigt ab Donnerstag, 7. M\u00e4rz 2013, ab 20.15 Uhr gleich drei brandneue Folgen der vierten Staffel &#8222;The Vampire Diaries&#8220; als Deutschland-Premiere. Vorsicht: SPOILER! &nbsp;<\/p>\n","protected":false},"author":4,"featured_media":0,"comment_status":"open","ping_status":"open","sticky":false,"template":"","format":"standard","meta":{"footnotes":""},"categories":[411],"tags":[843],"class_list":["post-23245","post","type-post","status-publish","format-standard","hentry","category-the-vampire-diaries","tag-ian-somerhalder"],"_links":{"self":[{"href":"https:\/\/soaplexikon.de\/cms\/wp-json\/wp\/v2\/posts\/23245","targetHints":{"allow":["GET"]}}],"collection":[{"href":"https:\/\/soaplexikon.de\/cms\/wp-json\/wp\/v2\/posts"}],"about":[{"href":"https:\/\/soaplexikon.de\/cms\/wp-json\/wp\/v2\/types\/post"}],"author":[{"embeddable":true,"href":"https:\/\/soaplexikon.de\/cms\/wp-json\/wp\/v2\/users\/4"}],"replies":[{"embeddable":true,"href":"https:\/\/soaplexikon.de\/cms\/wp-json\/wp\/v2\/comments?post=23245"}],"version-history":[{"count":2,"href":"https:\/\/soaplexikon.de\/cms\/wp-json\/wp\/v2\/posts\/23245\/revisions"}],"predecessor-version":[{"id":40287,"href":"https:\/\/soaplexikon.de\/cms\/wp-json\/wp\/v2\/posts\/23245\/revisions\/40287"}],"wp:attachment":[{"href":"https:\/\/soaplexikon.de\/cms\/wp-json\/wp\/v2\/media?parent=23245"}],"wp:term":[{"taxonomy":"category","embeddable":true,"href":"https:\/\/soaplexikon.de\/cms\/wp-json\/wp\/v2\/categories?post=23245"},{"taxonomy":"post_tag","embeddable":true,"href":"https:\/\/soaplexikon.de\/cms\/wp-json\/wp\/v2\/tags?post=23245"}],"curies":[{"name":"wp","href":"https:\/\/api.w.org\/{rel}","templated":true}]}}