{"id":22768,"date":"2013-02-07T14:00:37","date_gmt":"2013-02-07T13:00:37","guid":{"rendered":"http:\/\/soaplexikon.de\/cms\/?p=22768"},"modified":"2014-04-15T20:13:28","modified_gmt":"2014-04-15T18:13:28","slug":"alles-was-zahlt-interview-mit-andreas-hofer-alias-david-m-degen","status":"publish","type":"post","link":"https:\/\/soaplexikon.de\/cms\/alles-was-zahlt-interview-mit-andreas-hofer-alias-david-m-degen\/","title":{"rendered":"Interview mit Andreas Hofer"},"content":{"rendered":"<table border=\"0\">\n<tbody>\n<tr>\n<td><img loading=\"lazy\" decoding=\"async\" class=\"alignnone\" title=\"Alles was z\u00e4hlt\" src=\"http:\/\/www.soaplexikon.de\/image\/awz.jpg\" alt=\"\" width=\"100\" height=\"100\" \/><\/td>\n<td>Andreas Hofer wurde am 19. Mai 1962 in Osnabr\u00fcck geboren. Mit 13 Jahren fasste er den Entschluss, Kinderarzt zu werden. \u00dcber Studienzeiten in Medizin, Kunstgeschichte und Filmwissenschaften kam er zur Schauspielerei, die ihn auch nach Berlin f\u00fchrte, wo Andreas Hofer mit seiner Frau und seinen drei Kindern lebt. Die beiden Rollen, die ihm in seiner Schauspielkarriere bisher am meisten bedeuteten, sind Oskar Castellhoff in der Telenovela &#8222;Alisa \u2013 Folge deinem Herzen&#8220; sowie in der Nachfolgeserie &#8222;Hanna \u2013 Folge deinem Herzen&#8220;, und Markus Lemke in der mehrfach mit Preisen ausgezeichneten Serie &#8222;T\u00fcrkisch f\u00fcr Anf\u00e4nger&#8220;. Bei &#8222;Alles was z\u00e4hlt&#8220; spielt er nun den Choreografen David M. Degen.<\/td>\n<\/tr>\n<\/tbody>\n<\/table>\n<p><!--more--><\/p>\n<p>Wie definierst du deine Leidenschaft f\u00fcrs Schauspiel?<br \/>\nIch liebe komplexe, vielschichtige, \u00fcberraschende und widerspr\u00fcchliche Charaktere. Das sind meistens &#8222;b\u00f6se&#8220; Rollen, und auch meine Augen trugen sicher dazu bei, dass ich oft so besetzt wurde. Das ist bei AWZ jetzt erstmals in einer gro\u00dfen Rolle anders, und das hat mich auch am meisten interessiert: Der Choreograf David M. Degen ist ein Charakter, der nicht naturb\u00f6se ist, der erwachsen ist, in k\u00fcnstlerischen Dimensionen denkt und sich tats\u00e4chlich wie ein ganz normaler Mensch verh\u00e4lt. Nat\u00fcrlich hat auch er seine Abgr\u00fcnde, doch er ist ein Guter.<\/p>\n<p>Wie kamst du zur Schauspielerei?<br \/>\nSchon als Kind habe ich auch gebabysittet, hatte umst\u00e4ndehalber viel mit Kindern und \u00c4rzten zu tun, und so bin ich dann ins Medizinstudium reingerutscht. Das habe ich dann bis zum Physikum durchgezogen, sozusagen die Antwort auf mein erstes, noch vages gro\u00dfes Interesse am Menschen. Bis sich dieses Interesse etwas verlagerte. Ich wollte mehr \u00fcber unsere Existenz und das Leben herausfinden, was in den Tiefen des Menschen vor sich geht. Das hat mich zur Schauspielerei gef\u00fchrt. Der Italo-Amerikaner Dominic de Fazio vermittelte mir in Rom, was den Spirit des Schauspiels ausmacht. Die technischen Aspekte kamen dann an der Schauspielschule bei Maria K\u00f6rber und Joachim Kerzel in Berlin hinzu.<\/p>\n<p>Wie definierst du deine Leidenschaft f\u00fcrs Tanzen?<br \/>\nW\u00e4hrend der Schulzeit habe ich nat\u00fcrlich Tanzkurse gemacht, aber ich war nie aktiver T\u00e4nzer. Als ich dann in Berlin studierte, war ich in allen Clubs zu Hause, und auch auf den Dancefloors. Ich war irgendwie immer am Tanz interessiert und habe auf der B\u00fchne mehr Tanzvorstellungen gesehen als Theaterauff\u00fchrungen. Tanzen ist f\u00fcr mich wie Malen im Raum. Wenn die Malerei der k\u00fcnstlerische Ausdruck im Zweidimensionalen ist, geht der Tanz f\u00fcr mich einen Schritt weiter: Was man dabei nur mit K\u00f6rpern und ohne Worte ausdr\u00fccken kann, finde ich sehr faszinierend.<\/p>\n<p>Wirst du bei AWZ auch tanzen?<br \/>\nDass ich als Choreograf in meiner Rolle nur Anweisungen geben und nicht selbst tanzen muss, ist f\u00fcr mich okay. Und wer wei\u00df, vielleicht habe ich irgendwann einmal ein paar Schritte selbst zu tanzen. Es gibt zum Gl\u00fcck einen tollen Choreografen am Set, der sie mir dann beibringen kann.<\/p>\n<p>\u00a9 RTL Kommunikation<\/p>\n","protected":false},"excerpt":{"rendered":"<p>Andreas Hofer wurde am 19. Mai 1962 in Osnabr\u00fcck geboren. Mit 13 Jahren fasste er den Entschluss, Kinderarzt zu werden. \u00dcber Studienzeiten in Medizin, Kunstgeschichte und Filmwissenschaften kam er zur Schauspielerei, die ihn auch nach Berlin f\u00fchrte, wo Andreas Hofer mit seiner Frau und seinen drei Kindern lebt. Die beiden Rollen, die ihm in seiner [&hellip;]<\/p>\n","protected":false},"author":4,"featured_media":0,"comment_status":"open","ping_status":"open","sticky":false,"template":"","format":"standard","meta":{"footnotes":""},"categories":[64],"tags":[],"class_list":["post-22768","post","type-post","status-publish","format-standard","hentry","category-alles-was-zahlt"],"_links":{"self":[{"href":"https:\/\/soaplexikon.de\/cms\/wp-json\/wp\/v2\/posts\/22768","targetHints":{"allow":["GET"]}}],"collection":[{"href":"https:\/\/soaplexikon.de\/cms\/wp-json\/wp\/v2\/posts"}],"about":[{"href":"https:\/\/soaplexikon.de\/cms\/wp-json\/wp\/v2\/types\/post"}],"author":[{"embeddable":true,"href":"https:\/\/soaplexikon.de\/cms\/wp-json\/wp\/v2\/users\/4"}],"replies":[{"embeddable":true,"href":"https:\/\/soaplexikon.de\/cms\/wp-json\/wp\/v2\/comments?post=22768"}],"version-history":[{"count":8,"href":"https:\/\/soaplexikon.de\/cms\/wp-json\/wp\/v2\/posts\/22768\/revisions"}],"predecessor-version":[{"id":30175,"href":"https:\/\/soaplexikon.de\/cms\/wp-json\/wp\/v2\/posts\/22768\/revisions\/30175"}],"wp:attachment":[{"href":"https:\/\/soaplexikon.de\/cms\/wp-json\/wp\/v2\/media?parent=22768"}],"wp:term":[{"taxonomy":"category","embeddable":true,"href":"https:\/\/soaplexikon.de\/cms\/wp-json\/wp\/v2\/categories?post=22768"},{"taxonomy":"post_tag","embeddable":true,"href":"https:\/\/soaplexikon.de\/cms\/wp-json\/wp\/v2\/tags?post=22768"}],"curies":[{"name":"wp","href":"https:\/\/api.w.org\/{rel}","templated":true}]}}