{"id":2153,"date":"2012-01-01T18:49:48","date_gmt":"2012-01-01T17:49:48","guid":{"rendered":"http:\/\/soaplexikon.de\/cms\/?p=2153"},"modified":"2015-02-03T16:42:59","modified_gmt":"2015-02-03T15:42:59","slug":"castingnews-dezember-2011","status":"publish","type":"post","link":"https:\/\/soaplexikon.de\/cms\/castingnews-dezember-2011\/","title":{"rendered":"Castingnews: Dezember 2011 (UPDATED)"},"content":{"rendered":"<table border=\"0\">\n<tbody>\n<tr>\n<td><img loading=\"lazy\" decoding=\"async\" class=\"alignnone\" title=\"Rote Rosen\" src=\"http:\/\/www.soaplexikon.de\/image\/rr.jpg\" alt=\"\" width=\"100\" height=\"100\" \/><\/td>\n<td>Bei &#8222;Rote Rosen&#8220; steht das Staffelende an und bei &#8222;Alles was z\u00e4hlt&#8220; sorgt eine Ausstiegsmeldung f\u00fcr viel Wirbel.<\/td>\n<\/tr>\n<\/tbody>\n<\/table>\n<p><!--more--><\/p>\n<table border=\"0\">\n<tbody>\n<tr>\n<td colspan=\"2\">Alles was z\u00e4hlt:<\/td>\n<\/tr>\n<tr>\n<td><img loading=\"lazy\" decoding=\"async\" class=\"alignnone\" title=\"Alles was z\u00e4hlt\" src=\"http:\/\/www.soaplexikon.de\/image\/awz.jpg\" alt=\"\" width=\"100\" height=\"100\" \/><\/td>\n<td>Ulrike R\u00f6seberg alias &#8222;<a title=\"Annette Bergmann\" href=\"http:\/\/soaplexikon.de\/cms\/alles-was-zahlt-annette-bergmann-stirbt-dramatischen-tod\/\" target=\"_blank\">Annette Bergmann<\/a>&#8220; steigt nach eigenen Angaben im Fr\u00fchjahr 2012 aus: &#8222;Ich beende im M\u00e4rz 2012 mein Engagement bei Alles was z\u00e4hlt und freue mich auf neue Projekte!&#8220;<br \/>\nNACHTRAG (29.M\u00e4rz 2012): Ulrike hat am 30.M\u00e4rz ihren letzten Drehtag. Ihre Serienfigur &#8222;Annette&#8220; wird den Serientod sterben.<\/td>\n<\/tr>\n<tr>\n<td colspan=\"2\"><\/td>\n<\/tr>\n<tr>\n<td colspan=\"2\">Anna und die Liebe:<\/td>\n<\/tr>\n<tr>\n<td><img loading=\"lazy\" decoding=\"async\" class=\"alignnone\" title=\"Anna und die Liebe\" src=\"http:\/\/www.soaplexikon.de\/image\/audl.jpg\" alt=\"\" width=\"100\" height=\"100\" \/><\/td>\n<td>Mirja du Mont \u00fcbernimmt am 20. und 23.Januar 2012 die Gastrolle der &#8222;Monika Hubstedt. &#8222;Monika&#8220; arbeitet beim Lifestyle-Magazin &#8222;Dice&#8220;, als Assistentin des Herausgebers.<\/td>\n<\/tr>\n<tr>\n<td colspan=\"2\"><\/td>\n<\/tr>\n<tr>\n<td colspan=\"2\">Gute Zeiten Schlechte Zeiten:<\/td>\n<\/tr>\n<tr>\n<td><img loading=\"lazy\" decoding=\"async\" class=\"alignnone\" title=\"Gute Zeiten Schlechte Zeiten\" src=\"http:\/\/www.soaplexikon.de\/image\/gzsz_kl.jpg\" alt=\"\" width=\"100\" height=\"100\" \/><\/td>\n<td>Ab dem 5.Januar 2012 ist Samia Dauenhauer als &#8222;Jacky Kr\u00fcger&#8220; bei GZSZ zu sehen. &#8222;Jacky&#8220; ist &#8222;Tuners&#8220; (Thomas Drechsel) 18-j\u00e4hrige Schwester. Sie war bereits im Oktober bei der Feier zum 20.Geburtstag der GrundyUFA auf dem roten Teppich zu sehen.<\/td>\n<\/tr>\n<tr>\n<td colspan=\"2\"><\/td>\n<\/tr>\n<tr>\n<td colspan=\"2\">Rote Rosen:<\/td>\n<\/tr>\n<tr>\n<td><img loading=\"lazy\" decoding=\"async\" class=\"alignnone\" title=\"Rote Rosen\" src=\"http:\/\/www.soaplexikon.de\/image\/rr.jpg\" alt=\"\" width=\"100\" height=\"100\" \/><\/td>\n<td>Au\u00dfer Saskia Valencia und Thorsten Nindel, als Protagonistenpaar der siebten Staffel, steigen auch Sarah Alles (Ella Meissner), Susanne Steidle (Henriette Stein) und Roman Rossa (Christoph) bei &#8222;Rote Rosen&#8220; aus.<\/td>\n<\/tr>\n<tr>\n<td colspan=\"2\"><\/td>\n<\/tr>\n<tr>\n<td colspan=\"2\">Unter Uns:<\/td>\n<\/tr>\n<tr>\n<td><img loading=\"lazy\" decoding=\"async\" class=\"alignnone\" title=\"Unter Uns\" src=\"http:\/\/www.soaplexikon.de\/image\/uu.jpg\" alt=\"\" width=\"100\" height=\"100\" \/><\/td>\n<td>Die &#8222;Exclusiv&#8220;-Moderatorin Frauke Ludowig steht in K\u00fcrze neben Tabea Heynig (alias &#8222;Britta Sch\u00f6nfeld) und Claudelle Deckert (alias &#8222;Eva Wagner&#8220;) als Journalistin &#8222;Ivanca Valsucci&#8220; in Ossendorf vor der Kamera.<\/td>\n<\/tr>\n<tr>\n<td colspan=\"2\"><\/td>\n<\/tr>\n<tr>\n<td colspan=\"2\">Verbotene Liebe:<\/td>\n<\/tr>\n<tr>\n<td rowspan=\"2\"><img loading=\"lazy\" decoding=\"async\" class=\"alignnone\" title=\"Verbotene Liebe\" src=\"http:\/\/www.soaplexikon.de\/image\/vl_kl.jpg\" alt=\"\" width=\"100\" height=\"100\" \/><\/td>\n<td><a title=\"Verena Zimmermann\" href=\"http:\/\/soaplexikon.de\/cms\/interview-mit-verena-zimmermann\/\" target=\"_blank\">Verena Zimmermann<\/a> und Sebastian Schlemmer tauchen nicht mehr im Drehspiegel f\u00fcr Dezember auf. Bei Verena ist bekannt, dass sie aufgrund ihrer Schwangerschaft die Serie zumindest auf Zeit verlassen wird. &#8222;Sebastian von Lahnstein&#8220; reist f\u00fcr einige Zeit zu seiner Tochter &#8222;Christina&#8220; nach Neuseeland.<\/td>\n<\/tr>\n<tr>\n<td>&#8222;Rebecca von Lahnstein&#8220; kehrt voraussichtlich am 13.Februar 2012 in Folge 4016 nach D\u00fcsseldorf zur\u00fcck, allerdings dann nicht mehr von <a title=\"Jasmin Lord\" href=\"http:\/\/soaplexikon.de\/cms\/interview-mit-jasmin-lord-2\/\" target=\"_blank\">Jasmin Lord<\/a> verk\u00f6rpert, sondern von Tatjana K\u00e4stel. Somit ist die Meldung der ARD, dass es sich um eine <a title=\"Pause\" href=\"http:\/\/soaplexikon.de\/cms\/verbotene-liebe-pause-fur-jasmin-lord\/\" target=\"_blank\">Pause<\/a> handelt, hinf\u00e4llig.<\/td>\n<\/tr>\n<\/tbody>\n<\/table>\n<p><\/p>\n","protected":false},"excerpt":{"rendered":"<p>Bei &#8222;Rote Rosen&#8220; steht das Staffelende an und bei &#8222;Alles was z\u00e4hlt&#8220; sorgt eine Ausstiegsmeldung f\u00fcr viel Wirbel.<\/p>\n","protected":false},"author":2,"featured_media":0,"comment_status":"open","ping_status":"open","sticky":false,"template":"","format":"standard","meta":{"footnotes":""},"categories":[64,8,38,77,71,5],"tags":[907],"class_list":["post-2153","post","type-post","status-publish","format-standard","hentry","category-alles-was-zahlt","category-anna-und-die-liebe","category-gute-zeiten-schlechte-zeiten","category-rote-rosen","category-unter-uns","category-verbotene-liebe","tag-sarah-alles"],"_links":{"self":[{"href":"https:\/\/soaplexikon.de\/cms\/wp-json\/wp\/v2\/posts\/2153","targetHints":{"allow":["GET"]}}],"collection":[{"href":"https:\/\/soaplexikon.de\/cms\/wp-json\/wp\/v2\/posts"}],"about":[{"href":"https:\/\/soaplexikon.de\/cms\/wp-json\/wp\/v2\/types\/post"}],"author":[{"embeddable":true,"href":"https:\/\/soaplexikon.de\/cms\/wp-json\/wp\/v2\/users\/2"}],"replies":[{"embeddable":true,"href":"https:\/\/soaplexikon.de\/cms\/wp-json\/wp\/v2\/comments?post=2153"}],"version-history":[{"count":65,"href":"https:\/\/soaplexikon.de\/cms\/wp-json\/wp\/v2\/posts\/2153\/revisions"}],"predecessor-version":[{"id":2155,"href":"https:\/\/soaplexikon.de\/cms\/wp-json\/wp\/v2\/posts\/2153\/revisions\/2155"}],"wp:attachment":[{"href":"https:\/\/soaplexikon.de\/cms\/wp-json\/wp\/v2\/media?parent=2153"}],"wp:term":[{"taxonomy":"category","embeddable":true,"href":"https:\/\/soaplexikon.de\/cms\/wp-json\/wp\/v2\/categories?post=2153"},{"taxonomy":"post_tag","embeddable":true,"href":"https:\/\/soaplexikon.de\/cms\/wp-json\/wp\/v2\/tags?post=2153"}],"curies":[{"name":"wp","href":"https:\/\/api.w.org\/{rel}","templated":true}]}}