{"id":18477,"date":"2012-12-27T14:30:01","date_gmt":"2012-12-27T13:30:01","guid":{"rendered":"http:\/\/soaplexikon.de\/cms\/?p=18477"},"modified":"2014-04-21T11:26:48","modified_gmt":"2014-04-21T09:26:48","slug":"verbotene-liebe-jan-julia","status":"publish","type":"post","link":"https:\/\/soaplexikon.de\/cms\/verbotene-liebe-jan-julia\/","title":{"rendered":"Verbotene Liebe: Jan &#038; Julia"},"content":{"rendered":"<table border=\"0\">\n<tbody>\n<tr>\n<td><img loading=\"lazy\" decoding=\"async\" class=\"alignnone\" title=\"Verbotene Liebe\" src=\"http:\/\/www.soaplexikon.de\/image\/vl_kl.jpg\" alt=\"\" width=\"100\" height=\"100\" \/><\/td>\n<td>In den ersten zwei Jahren standen die Zwillinge Julia von Anstetten und Jan Brandner mit ihrer tragischen Liebesgeschichte im Zentrum von &#8222;Verbotene Liebe&#8220;.<\/td>\n<\/tr>\n<\/tbody>\n<\/table>\n<p><!--more--><\/p>\n<p>Am 2. Januar 1975 wurden die Zwillinge Julia und Jan in Fiona Beckmanns Pension geboren. Ihre Mutter Clarissa nahm Julia und verlie\u00df Arno und ihren Sohn. 20 Jahre lang hatten sie keinen Kontakt, bis das Schicksal das Zwillingsp\u00e4rchen wieder vereinte.<\/p>\n<p>An ihrem 20. Geburtstag trafen Jan und Julia am Flughafen aufeinander. Der kurze Moment reichte, um den Funken \u00fcberspringen zu lassen. Nachdem Jan als M\u00f6rder gesucht wurde, tauchte er als &#8222;Peter&#8220; in D\u00fcsseldorf unter und kam Julia immer n\u00e4her. Erst als Julia an Leuk\u00e4mie erkrankte, brachen alle ihr Schweigen. Doch egal wie sehr sich Julia und Jan gegen ihre Gef\u00fchle wehrten, sie konnten nicht ohne einander. Beide begannen neue Beziehungen. Julia heiratete Tim Sander, doch ihr Herz geh\u00f6rte trotzdem Jan.<\/p>\n<p>Im Fr\u00fchjahr 1997 fl\u00fcchtete Julia nach Lanzarote, wo sie mit Jan einen Neuanfang wagen wollte, doch als Jan einen Paparazzo verjagte, verschwand Julia in den Fluten. Sie wurde f\u00fcr tot erkl\u00e4rt und Jan fand in Kerstin Richter eine neue Liebe. Doch vor seiner Abreise meldete sich Julia und bat ihn, ihr nach Spanien zu folgen. Jan entschied sich gegen Julia und f\u00fcr Kerstin. Gemeinsam gingen sie nach Paris. An dieser Stelle setzt die <a title=\"zehnteilige Buchreihe\" href=\"http:\/\/soaplexikon.de\/cms\/verbotene-liebe-fehlerhafte-roman-adaption\/\" target=\"_blank\">zehnteilige Buchreihe<\/a> \u00fcber Jan und Julia ein.<\/p>\n<p>\u00dcber Jahre hinweg wurde gemunkelt, dass Jan und Julia im Off ein Paar geworden w\u00e4ren, da beide Rollen nie wieder erw\u00e4hnt wurden, w\u00e4hrend die anderen Kinder von Arno sogar zur\u00fcckkehrten. Erst 2011, als &#8222;Verbotene Liebe&#8220; verl\u00e4ngert wurde, sollte es eine Wiedervereinigung mit Happy End geben. So wurde die Geschichte nicht nur fortgesetzt, sondern auch in einigen Details ver\u00e4ndert. Julia lebte zu dem Zeitpunkt mit ihrem neuen Ehemann Ricardo und Tims Sohn\u00a0 Timo aus Mallorca. Jan kam ebenfalls nach Mallorca, um dort als Priester zu arbeiten. Kurze Zeit sp\u00e4ter folgte seine Tochter Leonie, und die Liebesgeschichte von Jan und Julia wurde auf die j\u00fcngere Generation \u00fcbertragen mit dem Unterschied, dass es keine verbotene Liebe war. In der 4000. Folge hatten Jan und Julia ihren letzten Auftritt und verlie\u00dfen Mallorca als Paar.<\/p>\n","protected":false},"excerpt":{"rendered":"<p>In den ersten zwei Jahren standen die Zwillinge Julia von Anstetten und Jan Brandner mit ihrer tragischen Liebesgeschichte im Zentrum von &#8222;Verbotene Liebe&#8220;.<\/p>\n","protected":false},"author":2,"featured_media":0,"comment_status":"open","ping_status":"open","sticky":false,"template":"","format":"standard","meta":{"footnotes":""},"categories":[5],"tags":[],"class_list":["post-18477","post","type-post","status-publish","format-standard","hentry","category-verbotene-liebe"],"_links":{"self":[{"href":"https:\/\/soaplexikon.de\/cms\/wp-json\/wp\/v2\/posts\/18477","targetHints":{"allow":["GET"]}}],"collection":[{"href":"https:\/\/soaplexikon.de\/cms\/wp-json\/wp\/v2\/posts"}],"about":[{"href":"https:\/\/soaplexikon.de\/cms\/wp-json\/wp\/v2\/types\/post"}],"author":[{"embeddable":true,"href":"https:\/\/soaplexikon.de\/cms\/wp-json\/wp\/v2\/users\/2"}],"replies":[{"embeddable":true,"href":"https:\/\/soaplexikon.de\/cms\/wp-json\/wp\/v2\/comments?post=18477"}],"version-history":[{"count":11,"href":"https:\/\/soaplexikon.de\/cms\/wp-json\/wp\/v2\/posts\/18477\/revisions"}],"predecessor-version":[{"id":33537,"href":"https:\/\/soaplexikon.de\/cms\/wp-json\/wp\/v2\/posts\/18477\/revisions\/33537"}],"wp:attachment":[{"href":"https:\/\/soaplexikon.de\/cms\/wp-json\/wp\/v2\/media?parent=18477"}],"wp:term":[{"taxonomy":"category","embeddable":true,"href":"https:\/\/soaplexikon.de\/cms\/wp-json\/wp\/v2\/categories?post=18477"},{"taxonomy":"post_tag","embeddable":true,"href":"https:\/\/soaplexikon.de\/cms\/wp-json\/wp\/v2\/tags?post=18477"}],"curies":[{"name":"wp","href":"https:\/\/api.w.org\/{rel}","templated":true}]}}