{"id":181,"date":"2011-08-18T12:29:02","date_gmt":"2011-08-18T10:29:02","guid":{"rendered":"http:\/\/soaplexikon.de\/cms\/?p=181"},"modified":"2014-04-21T02:47:03","modified_gmt":"2014-04-21T00:47:03","slug":"verliebt-in-berlin-ab-5-september-auf-sixx","status":"publish","type":"post","link":"https:\/\/soaplexikon.de\/cms\/verliebt-in-berlin-ab-5-september-auf-sixx\/","title":{"rendered":"Verliebt in Berlin: ab 5.September auf sixx"},"content":{"rendered":"<table border=\"0\">\n<tbody>\n<tr>\n<td><img loading=\"lazy\" decoding=\"async\" class=\"alignnone\" title=\"Verliebt in Berlin\" src=\"http:\/\/www.soaplexikon.de\/image\/vib.jpg\" alt=\"\" width=\"100\" height=\"100\" \/><\/td>\n<td>Nach dem Ende von &#8222;Hand aufs Herz&#8220; wird die erste Sat.1-Telenovela &#8222;Verliebt in Berlin&#8220; den Sendeplatz auf sixx \u00fcbernehmen.<\/td>\n<\/tr>\n<\/tbody>\n<\/table>\n<p><!--more--><\/p>\n<p>&#8222;Hand aufs Herz&#8220; endet am 2.September in einer Doppelfolge und macht somit fr\u00fcher Platz im Programm des Frauensenders. Um die Zuschauer beim Sender zu halten, versucht sixx sein Gl\u00fcck nun mit der ersten Sat.1-Telenovela. Ob auch das Liebesgl\u00fcck von &#8222;Bruno&#8220; (Tim Sander) gezeigt wird, ist nicht bekannt. Es bleibt abzuwarten, ob die x-te Wiederholung der einstigen Erfolgstelenovela f\u00fcr hohe Quoten beim kleinen Sender sorgen wird.<\/p>\n","protected":false},"excerpt":{"rendered":"<p>Nach dem Ende von &#8222;Hand aufs Herz&#8220; wird die erste Sat.1-Telenovela &#8222;Verliebt in Berlin&#8220; den Sendeplatz auf sixx \u00fcbernehmen.<\/p>\n","protected":false},"author":2,"featured_media":0,"comment_status":"open","ping_status":"open","sticky":false,"template":"","format":"standard","meta":{"footnotes":""},"categories":[9,72],"tags":[],"class_list":["post-181","post","type-post","status-publish","format-standard","hentry","category-hand-aufs-herz","category-verliebt-in-berlin"],"_links":{"self":[{"href":"https:\/\/soaplexikon.de\/cms\/wp-json\/wp\/v2\/posts\/181","targetHints":{"allow":["GET"]}}],"collection":[{"href":"https:\/\/soaplexikon.de\/cms\/wp-json\/wp\/v2\/posts"}],"about":[{"href":"https:\/\/soaplexikon.de\/cms\/wp-json\/wp\/v2\/types\/post"}],"author":[{"embeddable":true,"href":"https:\/\/soaplexikon.de\/cms\/wp-json\/wp\/v2\/users\/2"}],"replies":[{"embeddable":true,"href":"https:\/\/soaplexikon.de\/cms\/wp-json\/wp\/v2\/comments?post=181"}],"version-history":[{"count":13,"href":"https:\/\/soaplexikon.de\/cms\/wp-json\/wp\/v2\/posts\/181\/revisions"}],"predecessor-version":[{"id":21062,"href":"https:\/\/soaplexikon.de\/cms\/wp-json\/wp\/v2\/posts\/181\/revisions\/21062"}],"wp:attachment":[{"href":"https:\/\/soaplexikon.de\/cms\/wp-json\/wp\/v2\/media?parent=181"}],"wp:term":[{"taxonomy":"category","embeddable":true,"href":"https:\/\/soaplexikon.de\/cms\/wp-json\/wp\/v2\/categories?post=181"},{"taxonomy":"post_tag","embeddable":true,"href":"https:\/\/soaplexikon.de\/cms\/wp-json\/wp\/v2\/tags?post=181"}],"curies":[{"name":"wp","href":"https:\/\/api.w.org\/{rel}","templated":true}]}}