{"id":14621,"date":"2012-09-10T17:00:07","date_gmt":"2012-09-10T15:00:07","guid":{"rendered":"http:\/\/soaplexikon.de\/cms\/?p=14621"},"modified":"2014-04-15T20:24:28","modified_gmt":"2014-04-15T18:24:28","slug":"grundyufa-spendet-5-000-euro-an-dick-dunn-e-v","status":"publish","type":"post","link":"https:\/\/soaplexikon.de\/cms\/grundyufa-spendet-5-000-euro-an-dick-dunn-e-v\/","title":{"rendered":"GrundyUFA spendet 5.000 Euro an Dick &#038; D\u00fcnn e.V."},"content":{"rendered":"<table border=\"0\">\n<tbody>\n<tr>\n<td><img loading=\"lazy\" decoding=\"async\" class=\"alignnone\" title=\"Gute Zeiten Schlechte Zeiten\" src=\"http:\/\/www.soaplexikon.de\/image\/gzsz_kl.jpg\" alt=\"\" width=\"100\" height=\"100\" \/><\/td>\n<td>Wer Mo. bis Fr. um 19:40 Uhr RTL einschaltet, sieht bei &#8222;Gute Zeiten Schlechte Zeiten&#8220; die Figur &#8222;Lilly Seefeld&#8220; (Iris Mareike Steen) mit einem durchaus weit verbreiteten aber noch immer tabuisierten Thema konfrontiert: Bulimie. In der Serie erkrankt &#8222;Lilly&#8220; an der Ess-Brech-Sucht. &#8222;Gute Zeiten Schlechte Zeiten&#8220; erz\u00e4hlt die Geschichte der betroffenen &#8222;Lilly Seefeld&#8220; ganz behutsam &#8211; weil auch in der Realit\u00e4t erste Anzeichen oft \u00fcbersehen werden.<\/td>\n<\/tr>\n<\/tbody>\n<\/table>\n<p><!--more-->&#8222;Mit unseren Serien sind wir thematisch immer ganz nah am Alltag unserer Zuschauer. Dazu geh\u00f6ren auch dunkle Kapitel wie Essst\u00f6rungen. Indem wir das Thema bei GZSZ aufgreifen, k\u00f6nnen wir einen wichtigen Beitrag zur Aufkl\u00e4rung leisten, so ein Bewusstsein f\u00fcr diese Krankheit schaffen und gleichzeitig unterhalten,&#8220; so Jan Diepers, Executive Producer GrundyUFA.<\/p>\n<p>F\u00fcr das gro\u00dfe Engagement bei der Beratung zum Thema, \u00fcberreichten die Schauspielerinnen Iris Mareike Steen (Lilly Seefeld) und Senta-Sofia Delliponti (Tanja Seefeld) sowie Executive Producer Jan Diepers Martina Hartmann vom Verein Dick und D\u00fcnn e.V. eine Spende in H\u00f6he von 5.000 Euro. Der Verein, rund um Gr\u00fcnderin Sylvia Baeck, ber\u00e4t das Autorenteam bei der Entwicklung der Geschichte und unterst\u00fctzt Schauspieler und Team bei der authentischen Umsetzung des Handlungsstrangs &#8222;Lilly Seefeld hat Bulimie&#8220;.<\/p>\n<p>&#8222;Dick &amp; D\u00fcnn e.V. freut sich sehr \u00fcber so eine gro\u00dfe Spende von 5.000,- \u20ac. Spenden in solcher Gr\u00f6\u00dfenordnung sind schon sehr selten. Das ist jedenfalls ein Betrag, der unsere Arbeit gut unterst\u00fctzt und den wir sehr gut f\u00fcr unsere Pr\u00e4ventionsarbeit zum Thema Essst\u00f6rungen gebrauchen k\u00f6nnen. Vielen Dank!!!,&#8220; freut sich Sylvia Baeck.<\/p>\n<p>\u00a9 GrundyUFA<\/p>\n","protected":false},"excerpt":{"rendered":"<p>Wer Mo. bis Fr. um 19:40 Uhr RTL einschaltet, sieht bei &#8222;Gute Zeiten Schlechte Zeiten&#8220; die Figur &#8222;Lilly Seefeld&#8220; (Iris Mareike Steen) mit einem durchaus weit verbreiteten aber noch immer tabuisierten Thema konfrontiert: Bulimie. In der Serie erkrankt &#8222;Lilly&#8220; an der Ess-Brech-Sucht. &#8222;Gute Zeiten Schlechte Zeiten&#8220; erz\u00e4hlt die Geschichte der betroffenen &#8222;Lilly Seefeld&#8220; ganz behutsam [&hellip;]<\/p>\n","protected":false},"author":4,"featured_media":0,"comment_status":"open","ping_status":"open","sticky":false,"template":"","format":"standard","meta":{"footnotes":""},"categories":[38],"tags":[],"class_list":["post-14621","post","type-post","status-publish","format-standard","hentry","category-gute-zeiten-schlechte-zeiten"],"_links":{"self":[{"href":"https:\/\/soaplexikon.de\/cms\/wp-json\/wp\/v2\/posts\/14621","targetHints":{"allow":["GET"]}}],"collection":[{"href":"https:\/\/soaplexikon.de\/cms\/wp-json\/wp\/v2\/posts"}],"about":[{"href":"https:\/\/soaplexikon.de\/cms\/wp-json\/wp\/v2\/types\/post"}],"author":[{"embeddable":true,"href":"https:\/\/soaplexikon.de\/cms\/wp-json\/wp\/v2\/users\/4"}],"replies":[{"embeddable":true,"href":"https:\/\/soaplexikon.de\/cms\/wp-json\/wp\/v2\/comments?post=14621"}],"version-history":[{"count":8,"href":"https:\/\/soaplexikon.de\/cms\/wp-json\/wp\/v2\/posts\/14621\/revisions"}],"predecessor-version":[{"id":27779,"href":"https:\/\/soaplexikon.de\/cms\/wp-json\/wp\/v2\/posts\/14621\/revisions\/27779"}],"wp:attachment":[{"href":"https:\/\/soaplexikon.de\/cms\/wp-json\/wp\/v2\/media?parent=14621"}],"wp:term":[{"taxonomy":"category","embeddable":true,"href":"https:\/\/soaplexikon.de\/cms\/wp-json\/wp\/v2\/categories?post=14621"},{"taxonomy":"post_tag","embeddable":true,"href":"https:\/\/soaplexikon.de\/cms\/wp-json\/wp\/v2\/tags?post=14621"}],"curies":[{"name":"wp","href":"https:\/\/api.w.org\/{rel}","templated":true}]}}